{"id":8,"date":"2012-08-14T13:07:00","date_gmt":"2012-08-14T13:07:00","guid":{"rendered":"http:\/\/www.centroeducacionintegral.es\/la-educacion-prohibida\/"},"modified":"2012-08-14T13:07:00","modified_gmt":"2012-08-14T13:07:00","slug":"la-educacion-prohibida","status":"publish","type":"post","link":"https:\/\/www.teresalv.com\/centrodeeducacionintegral\/la-educacion-prohibida\/","title":{"rendered":"La Educaci\u00f3n Prohibida"},"content":{"rendered":"<div><a href=\"http:\/\/2.bp.blogspot.com\/-LdBSmQBodrU\/UCpNRNFy08I\/AAAAAAAAAIs\/ABCmJtARfAA\/s1600\/Poster-Oficial.jpg\" imageanchor=\"1\"><img loading=\"lazy\" decoding=\"async\" border=\"0\" height=\"320\" src=\"http:\/\/2.bp.blogspot.com\/-LdBSmQBodrU\/UCpNRNFy08I\/AAAAAAAAAIs\/ABCmJtARfAA\/s320\/Poster-Oficial.jpg\" width=\"226\"><\/a><\/div>\n<div><\/div>\n<div>Ayer, lunes 13.08.12, se estrenaba <a href=\"http:\/\/www.educacionprohibida.com\/\">\u00abLa Educaci\u00f3n Prohibida\u00bb<\/a>;\u00a0pel\u00edcula documental que se propone <b><i>cuestionar las l\u00f3gicas de la escolarizaci\u00f3n moderna y la forma de entender la educaci\u00f3n<\/i><\/b>, visibilizando experiencias educativas diferentes, no convencionales que plantean la necesidad de un nuevo paradigma educativo, basado en el desarrollo del ser. Innovador el contenido &#8211;<i>nuevo paradigma<\/i>-, innovador el m\u00e9todo &#8211;<i>montada sin gui\u00f3n<\/i>-, innovadora la forma de sacarla adelante &#8211;<i>financiada \u00edntegramente a trav\u00e9s de crowdfunding<\/i>-.<\/div>\n<div><\/div>\n<div>Se\u00f1alo algunos p\u00e1rrafos del art\u00edculo del diario <b>P\u00fablico.es<\/b> (muy recomendable su <a href=\"http:\/\/www.publico.es\/culturas\/440901\/la-educacion-prohibida-se-libera-en-todo-el-mundo\"><b><i>lectura completa<\/i><\/b><\/a>):<\/div>\n<div>\n<blockquote><p><i>Uno de los promotores del proyecto, Franco Iacomella, advierte de que \u00aben la actualidad, <b>la Educaci\u00f3n est\u00e1 formando a una ciudadan\u00eda servil al poder<\/b>; es as\u00ed c\u00f3mo el modelo se ha ido sosteniendo en el tiempo y es lo que se cuestiona en la pel\u00edcula\u00bb. El argentino llama la atenci\u00f3n sobre el hecho de que \u00abse ense\u00f1a en base a una l\u00f3gica vertical, en la que los propios alumnos no tienen ninguna participaci\u00f3n, ni en los contenidos ni en los m\u00e9todos y se les forma del mismo modo, como si todos tuvieran la misma capacidad de aprendizaje\u00bb.<\/i><\/p><\/blockquote>\n<blockquote><p>Seg\u00fan explica, <i>el \u00abobjetivo de la pel\u00edcula es abrir un <b>nuevo espacio de debate<\/b>\u00ab<\/i>, y <i>las 45 experiencias educativas a lo largo de nueve pa\u00edses descritas en la cinta cumplen un doble papel: por un lado, \u00ab<b>cuestionar el modelo actual<\/b>, donde para mucha gente la escuela no es m\u00e1s una instituci\u00f3n que monopoliza la Educaci\u00f3n\u00bb, apunta Iacomella, y por otro, \u00abdemostrar que no es una utop\u00eda, que se trata de <b>experiencias reales<\/b> m\u00e1s all\u00e1 del plano te\u00f3rico y est\u00e1n siendo llevadas ya a la pr\u00e1ctica\u00bb.<\/i><\/p><\/blockquote>\n<\/div>\n<div><\/div>\n<div>Para abrir boca puedes ver uno de los avances del proyecto difundidos en las <i><b><a href=\"https:\/\/www.facebook.com\/LAEDUCACIONPROHIBIDA\">redes sociales<\/a><\/b><\/i>: <b>Luces, C\u00e1mara, \u00a1Acci\u00f3n!<\/b><\/div>\n<p><\/p>\n","protected":false},"excerpt":{"rendered":"<p>Ayer, lunes 13.08.12, se estrenaba &laquo;La Educaci&oacute;n Prohibida&raquo;;&nbsp;pel&iacute;cula documental que se propone cuestionar las l&oacute;gicas de la escolarizaci&oacute;n moderna y la forma de entender la educaci&oacute;n, visibilizando experiencias educativas diferentes, no convencionales que plantean la necesidad de un nuevo paradigma &hellip; <a href=\"https:\/\/www.teresalv.com\/centrodeeducacionintegral\/la-educacion-prohibida\/\">Sigue leyendo <span class=\"meta-nav\">&rarr;<\/span><\/a><\/p>\n","protected":false},"author":1,"featured_media":0,"comment_status":"open","ping_status":"open","sticky":false,"template":"","format":"standard","meta":{"footnotes":""},"categories":[5,4,8],"tags":[],"class_list":["post-8","post","type-post","status-publish","format-standard","hentry","category-aprender-para-ser","category-educacion-emocional","category-pedagogia"],"aioseo_notices":[],"aioseo_head":"\n\t\t<!-- All in One SEO 5.0.0.1 - aioseo.com -->\n\t<meta name=\"robots\" content=\"max-image-preview:large\" \/>\n\t<meta name=\"author\" content=\"teresalv\"\/>\n\t<link rel=\"canonical\" href=\"https:\/\/www.teresalv.com\/centrodeeducacionintegral\/la-educacion-prohibida\/\" \/>\n\t<meta name=\"generator\" content=\"All in One SEO (AIOSEO) 5.0.0.1\" \/>\n\t\t<meta property=\"og:locale\" content=\"es_ES\" \/>\n\t\t<meta property=\"og:site_name\" content=\"Centro de Educaci\u00f3n Integral | Otro sitio realizado con WordPress\" \/>\n\t\t<meta property=\"og:type\" content=\"article\" \/>\n\t\t<meta property=\"og:title\" content=\"La Educaci\u00f3n Prohibida | Centro de Educaci\u00f3n Integral\" \/>\n\t\t<meta property=\"og:url\" content=\"https:\/\/www.teresalv.com\/centrodeeducacionintegral\/la-educacion-prohibida\/\" \/>\n\t\t<meta property=\"article:published_time\" content=\"2012-08-14T13:07:00+00:00\" \/>\n\t\t<meta property=\"article:modified_time\" content=\"2012-08-14T13:07:00+00:00\" \/>\n\t\t<meta name=\"twitter:card\" content=\"summary\" \/>\n\t\t<meta name=\"twitter:title\" content=\"La Educaci\u00f3n Prohibida | Centro de Educaci\u00f3n Integral\" \/>\n\t\t<script type=\"application\/ld+json\" class=\"aioseo-schema\">\n\t\t\t{\"@context\":\"https:\\\/\\\/schema.org\",\"@graph\":[{\"@type\":\"Article\",\"@id\":\"https:\\\/\\\/www.teresalv.com\\\/centrodeeducacionintegral\\\/la-educacion-prohibida\\\/#article\",\"name\":\"La Educaci\\u00f3n Prohibida | Centro de Educaci\\u00f3n Integral\",\"headline\":\"La Educaci\\u00f3n Prohibida\",\"author\":{\"@id\":\"https:\\\/\\\/www.teresalv.com\\\/centrodeeducacionintegral\\\/author\\\/teresalv\\\/#author\"},\"publisher\":{\"@id\":\"https:\\\/\\\/www.teresalv.com\\\/centrodeeducacionintegral\\\/#organization\"},\"image\":{\"@type\":\"ImageObject\",\"url\":\"http:\\\/\\\/2.bp.blogspot.com\\\/-LdBSmQBodrU\\\/UCpNRNFy08I\\\/AAAAAAAAAIs\\\/ABCmJtARfAA\\\/s320\\\/Poster-Oficial.jpg\",\"@id\":\"https:\\\/\\\/www.teresalv.com\\\/centrodeeducacionintegral\\\/la-educacion-prohibida\\\/#articleImage\"},\"datePublished\":\"2012-08-14T13:07:00+00:00\",\"dateModified\":\"2012-08-14T13:07:00+00:00\",\"inLanguage\":\"es-ES\",\"mainEntityOfPage\":{\"@id\":\"https:\\\/\\\/www.teresalv.com\\\/centrodeeducacionintegral\\\/la-educacion-prohibida\\\/#webpage\"},\"isPartOf\":{\"@id\":\"https:\\\/\\\/www.teresalv.com\\\/centrodeeducacionintegral\\\/la-educacion-prohibida\\\/#webpage\"},\"articleSection\":\"aprender para ser, educaci\\u00f3n emocional, pedagog\\u00eda\"},{\"@type\":\"BreadcrumbList\",\"@id\":\"https:\\\/\\\/www.teresalv.com\\\/centrodeeducacionintegral\\\/la-educacion-prohibida\\\/#breadcrumblist\",\"itemListElement\":[{\"@type\":\"ListItem\",\"@id\":\"https:\\\/\\\/www.teresalv.com\\\/centrodeeducacionintegral#listItem\",\"position\":1,\"name\":\"Inicio\",\"item\":\"https:\\\/\\\/www.teresalv.com\\\/centrodeeducacionintegral\",\"nextItem\":{\"@type\":\"ListItem\",\"@id\":\"https:\\\/\\\/www.teresalv.com\\\/centrodeeducacionintegral\\\/category\\\/educacion-emocional\\\/#listItem\",\"name\":\"educaci\\u00f3n emocional\"}},{\"@type\":\"ListItem\",\"@id\":\"https:\\\/\\\/www.teresalv.com\\\/centrodeeducacionintegral\\\/category\\\/educacion-emocional\\\/#listItem\",\"position\":2,\"name\":\"educaci\\u00f3n emocional\",\"item\":\"https:\\\/\\\/www.teresalv.com\\\/centrodeeducacionintegral\\\/category\\\/educacion-emocional\\\/\",\"nextItem\":{\"@type\":\"ListItem\",\"@id\":\"https:\\\/\\\/www.teresalv.com\\\/centrodeeducacionintegral\\\/la-educacion-prohibida\\\/#listItem\",\"name\":\"La Educaci\\u00f3n Prohibida\"},\"previousItem\":{\"@type\":\"ListItem\",\"@id\":\"https:\\\/\\\/www.teresalv.com\\\/centrodeeducacionintegral#listItem\",\"name\":\"Inicio\"}},{\"@type\":\"ListItem\",\"@id\":\"https:\\\/\\\/www.teresalv.com\\\/centrodeeducacionintegral\\\/la-educacion-prohibida\\\/#listItem\",\"position\":3,\"name\":\"La Educaci\\u00f3n Prohibida\",\"previousItem\":{\"@type\":\"ListItem\",\"@id\":\"https:\\\/\\\/www.teresalv.com\\\/centrodeeducacionintegral\\\/category\\\/educacion-emocional\\\/#listItem\",\"name\":\"educaci\\u00f3n emocional\"}}]},{\"@type\":\"Organization\",\"@id\":\"https:\\\/\\\/www.teresalv.com\\\/centrodeeducacionintegral\\\/#organization\",\"name\":\"Centro de Educaci\\u00f3n Integral\",\"description\":\"Otro sitio realizado con WordPress\",\"url\":\"https:\\\/\\\/www.teresalv.com\\\/centrodeeducacionintegral\\\/\"},{\"@type\":\"Person\",\"@id\":\"https:\\\/\\\/www.teresalv.com\\\/centrodeeducacionintegral\\\/author\\\/teresalv\\\/#author\",\"url\":\"https:\\\/\\\/www.teresalv.com\\\/centrodeeducacionintegral\\\/author\\\/teresalv\\\/\",\"name\":\"teresalv\",\"image\":{\"@type\":\"ImageObject\",\"@id\":\"https:\\\/\\\/www.teresalv.com\\\/centrodeeducacionintegral\\\/la-educacion-prohibida\\\/#authorImage\",\"url\":\"https:\\\/\\\/secure.gravatar.com\\\/avatar\\\/c7b75383ba1f746757945a23daafd31da5e564d7173cc7790ec1447c581ba32b?s=96&d=mm&r=g\",\"width\":96,\"height\":96,\"caption\":\"teresalv\"}},{\"@type\":\"WebPage\",\"@id\":\"https:\\\/\\\/www.teresalv.com\\\/centrodeeducacionintegral\\\/la-educacion-prohibida\\\/#webpage\",\"url\":\"https:\\\/\\\/www.teresalv.com\\\/centrodeeducacionintegral\\\/la-educacion-prohibida\\\/\",\"name\":\"La Educaci\\u00f3n Prohibida | Centro de Educaci\\u00f3n Integral\",\"inLanguage\":\"es-ES\",\"isPartOf\":{\"@id\":\"https:\\\/\\\/www.teresalv.com\\\/centrodeeducacionintegral\\\/#website\"},\"breadcrumb\":{\"@id\":\"https:\\\/\\\/www.teresalv.com\\\/centrodeeducacionintegral\\\/la-educacion-prohibida\\\/#breadcrumblist\"},\"author\":{\"@id\":\"https:\\\/\\\/www.teresalv.com\\\/centrodeeducacionintegral\\\/author\\\/teresalv\\\/#author\"},\"creator\":{\"@id\":\"https:\\\/\\\/www.teresalv.com\\\/centrodeeducacionintegral\\\/author\\\/teresalv\\\/#author\"},\"datePublished\":\"2012-08-14T13:07:00+00:00\",\"dateModified\":\"2012-08-14T13:07:00+00:00\"},{\"@type\":\"WebSite\",\"@id\":\"https:\\\/\\\/www.teresalv.com\\\/centrodeeducacionintegral\\\/#website\",\"url\":\"https:\\\/\\\/www.teresalv.com\\\/centrodeeducacionintegral\\\/\",\"name\":\"Centro de Educaci\\u00f3n Integral\",\"description\":\"Otro sitio realizado con WordPress\",\"inLanguage\":\"es-ES\",\"publisher\":{\"@id\":\"https:\\\/\\\/www.teresalv.com\\\/centrodeeducacionintegral\\\/#organization\"}}]}\n\t\t<\/script>\n\t\t<!-- All in One SEO -->\n\n","aioseo_head_json":{"title":"La Educaci\u00f3n Prohibida | Centro de Educaci\u00f3n Integral","description":"","canonical_url":"https:\/\/www.teresalv.com\/centrodeeducacionintegral\/la-educacion-prohibida\/","robots":"max-image-preview:large","keywords":"","webmasterTools":{"miscellaneous":""},"schema":{"@context":"https:\/\/schema.org","@graph":[{"@type":"Article","@id":"https:\/\/www.teresalv.com\/centrodeeducacionintegral\/la-educacion-prohibida\/#article","name":"La Educaci\u00f3n Prohibida | Centro de Educaci\u00f3n Integral","headline":"La Educaci\u00f3n Prohibida","author":{"@id":"https:\/\/www.teresalv.com\/centrodeeducacionintegral\/author\/teresalv\/#author"},"publisher":{"@id":"https:\/\/www.teresalv.com\/centrodeeducacionintegral\/#organization"},"image":{"@type":"ImageObject","url":"http:\/\/2.bp.blogspot.com\/-LdBSmQBodrU\/UCpNRNFy08I\/AAAAAAAAAIs\/ABCmJtARfAA\/s320\/Poster-Oficial.jpg","@id":"https:\/\/www.teresalv.com\/centrodeeducacionintegral\/la-educacion-prohibida\/#articleImage"},"datePublished":"2012-08-14T13:07:00+00:00","dateModified":"2012-08-14T13:07:00+00:00","inLanguage":"es-ES","mainEntityOfPage":{"@id":"https:\/\/www.teresalv.com\/centrodeeducacionintegral\/la-educacion-prohibida\/#webpage"},"isPartOf":{"@id":"https:\/\/www.teresalv.com\/centrodeeducacionintegral\/la-educacion-prohibida\/#webpage"},"articleSection":"aprender para ser, educaci\u00f3n emocional, pedagog\u00eda"},{"@type":"BreadcrumbList","@id":"https:\/\/www.teresalv.com\/centrodeeducacionintegral\/la-educacion-prohibida\/#breadcrumblist","itemListElement":[{"@type":"ListItem","@id":"https:\/\/www.teresalv.com\/centrodeeducacionintegral#listItem","position":1,"name":"Inicio","item":"https:\/\/www.teresalv.com\/centrodeeducacionintegral","nextItem":{"@type":"ListItem","@id":"https:\/\/www.teresalv.com\/centrodeeducacionintegral\/category\/educacion-emocional\/#listItem","name":"educaci\u00f3n emocional"}},{"@type":"ListItem","@id":"https:\/\/www.teresalv.com\/centrodeeducacionintegral\/category\/educacion-emocional\/#listItem","position":2,"name":"educaci\u00f3n emocional","item":"https:\/\/www.teresalv.com\/centrodeeducacionintegral\/category\/educacion-emocional\/","nextItem":{"@type":"ListItem","@id":"https:\/\/www.teresalv.com\/centrodeeducacionintegral\/la-educacion-prohibida\/#listItem","name":"La Educaci\u00f3n Prohibida"},"previousItem":{"@type":"ListItem","@id":"https:\/\/www.teresalv.com\/centrodeeducacionintegral#listItem","name":"Inicio"}},{"@type":"ListItem","@id":"https:\/\/www.teresalv.com\/centrodeeducacionintegral\/la-educacion-prohibida\/#listItem","position":3,"name":"La Educaci\u00f3n Prohibida","previousItem":{"@type":"ListItem","@id":"https:\/\/www.teresalv.com\/centrodeeducacionintegral\/category\/educacion-emocional\/#listItem","name":"educaci\u00f3n emocional"}}]},{"@type":"Organization","@id":"https:\/\/www.teresalv.com\/centrodeeducacionintegral\/#organization","name":"Centro de Educaci\u00f3n Integral","description":"Otro sitio realizado con WordPress","url":"https:\/\/www.teresalv.com\/centrodeeducacionintegral\/"},{"@type":"Person","@id":"https:\/\/www.teresalv.com\/centrodeeducacionintegral\/author\/teresalv\/#author","url":"https:\/\/www.teresalv.com\/centrodeeducacionintegral\/author\/teresalv\/","name":"teresalv","image":{"@type":"ImageObject","@id":"https:\/\/www.teresalv.com\/centrodeeducacionintegral\/la-educacion-prohibida\/#authorImage","url":"https:\/\/secure.gravatar.com\/avatar\/c7b75383ba1f746757945a23daafd31da5e564d7173cc7790ec1447c581ba32b?s=96&d=mm&r=g","width":96,"height":96,"caption":"teresalv"}},{"@type":"WebPage","@id":"https:\/\/www.teresalv.com\/centrodeeducacionintegral\/la-educacion-prohibida\/#webpage","url":"https:\/\/www.teresalv.com\/centrodeeducacionintegral\/la-educacion-prohibida\/","name":"La Educaci\u00f3n Prohibida | Centro de Educaci\u00f3n Integral","inLanguage":"es-ES","isPartOf":{"@id":"https:\/\/www.teresalv.com\/centrodeeducacionintegral\/#website"},"breadcrumb":{"@id":"https:\/\/www.teresalv.com\/centrodeeducacionintegral\/la-educacion-prohibida\/#breadcrumblist"},"author":{"@id":"https:\/\/www.teresalv.com\/centrodeeducacionintegral\/author\/teresalv\/#author"},"creator":{"@id":"https:\/\/www.teresalv.com\/centrodeeducacionintegral\/author\/teresalv\/#author"},"datePublished":"2012-08-14T13:07:00+00:00","dateModified":"2012-08-14T13:07:00+00:00"},{"@type":"WebSite","@id":"https:\/\/www.teresalv.com\/centrodeeducacionintegral\/#website","url":"https:\/\/www.teresalv.com\/centrodeeducacionintegral\/","name":"Centro de Educaci\u00f3n Integral","description":"Otro sitio realizado con WordPress","inLanguage":"es-ES","publisher":{"@id":"https:\/\/www.teresalv.com\/centrodeeducacionintegral\/#organization"}}]},"og:locale":"es_ES","og:site_name":"Centro de Educaci\u00f3n Integral | Otro sitio realizado con WordPress","og:type":"article","og:title":"La Educaci\u00f3n Prohibida | Centro de Educaci\u00f3n Integral","og:url":"https:\/\/www.teresalv.com\/centrodeeducacionintegral\/la-educacion-prohibida\/","article:published_time":"2012-08-14T13:07:00+00:00","article:modified_time":"2012-08-14T13:07:00+00:00","twitter:card":"summary","twitter:title":"La Educaci\u00f3n Prohibida | Centro de Educaci\u00f3n Integral"},"aioseo_meta_data":{"post_id":"8","title":null,"description":null,"keywords":null,"keyphrases":null,"primary_term":null,"canonical_url":null,"og_title":null,"og_description":null,"og_object_type":"default","og_image_type":"default","og_image_url":null,"og_image_width":null,"og_image_height":null,"og_image_custom_url":null,"og_image_custom_fields":null,"og_video":null,"og_custom_url":null,"og_article_section":null,"og_article_tags":null,"twitter_use_og":false,"twitter_card":"default","twitter_image_type":"default","twitter_image_url":null,"twitter_image_custom_url":null,"twitter_image_custom_fields":null,"twitter_title":null,"twitter_description":null,"schema":{"blockGraphs":[],"customGraphs":[],"default":{"data":{"Article":[],"Course":[],"Dataset":[],"FAQPage":[],"Movie":[],"Person":[],"Product":[],"ProductReview":[],"Car":[],"Recipe":[],"Service":[],"SoftwareApplication":[],"WebPage":[]},"graphName":"","isEnabled":true},"graphs":[]},"schema_type":null,"schema_type_options":null,"pillar_content":false,"robots_default":true,"robots_noindex":false,"robots_noarchive":false,"robots_nosnippet":false,"robots_nofollow":false,"robots_noimageindex":false,"robots_noodp":false,"robots_notranslate":false,"robots_max_snippet":null,"robots_max_videopreview":null,"robots_max_imagepreview":"large","priority":null,"frequency":null,"location":null,"local_seo":null,"breadcrumb_settings":null,"limit_modified_date":false,"ai":null,"created":"2021-02-15 21:09:59","updated":"2025-06-23 13:47:17","seo_analyzer_scan_date":null,"focus_keyword":null,"additional_keywords":null,"truseo_locale":null},"aioseo_breadcrumb":"<div class=\"aioseo-breadcrumbs\"><span class=\"aioseo-breadcrumb\">\n\t\t\t<a href=\"https:\/\/www.teresalv.com\/centrodeeducacionintegral\" title=\"Inicio\">Inicio<\/a>\n\t\t<\/span><span class=\"aioseo-breadcrumb-separator\">&raquo;<\/span><span class=\"aioseo-breadcrumb\">\n\t\t\t<a href=\"https:\/\/www.teresalv.com\/centrodeeducacionintegral\/category\/educacion-emocional\/\" title=\"educaci\u00f3n emocional\">educaci\u00f3n emocional<\/a>\n\t\t<\/span><span class=\"aioseo-breadcrumb-separator\">&raquo;<\/span><span class=\"aioseo-breadcrumb\">\n\t\t\tLa Educaci\u00f3n Prohibida\n\t\t<\/span><\/div>","aioseo_breadcrumb_json":[{"label":"Inicio","link":"https:\/\/www.teresalv.com\/centrodeeducacionintegral"},{"label":"educaci\u00f3n emocional","link":"https:\/\/www.teresalv.com\/centrodeeducacionintegral\/category\/educacion-emocional\/"},{"label":"La Educaci\u00f3n Prohibida","link":"https:\/\/www.teresalv.com\/centrodeeducacionintegral\/la-educacion-prohibida\/"}],"_links":{"self":[{"href":"https:\/\/www.teresalv.com\/centrodeeducacionintegral\/wp-json\/wp\/v2\/posts\/8","targetHints":{"allow":["GET"]}}],"collection":[{"href":"https:\/\/www.teresalv.com\/centrodeeducacionintegral\/wp-json\/wp\/v2\/posts"}],"about":[{"href":"https:\/\/www.teresalv.com\/centrodeeducacionintegral\/wp-json\/wp\/v2\/types\/post"}],"author":[{"embeddable":true,"href":"https:\/\/www.teresalv.com\/centrodeeducacionintegral\/wp-json\/wp\/v2\/users\/1"}],"replies":[{"embeddable":true,"href":"https:\/\/www.teresalv.com\/centrodeeducacionintegral\/wp-json\/wp\/v2\/comments?post=8"}],"version-history":[{"count":0,"href":"https:\/\/www.teresalv.com\/centrodeeducacionintegral\/wp-json\/wp\/v2\/posts\/8\/revisions"}],"wp:attachment":[{"href":"https:\/\/www.teresalv.com\/centrodeeducacionintegral\/wp-json\/wp\/v2\/media?parent=8"}],"wp:term":[{"taxonomy":"category","embeddable":true,"href":"https:\/\/www.teresalv.com\/centrodeeducacionintegral\/wp-json\/wp\/v2\/categories?post=8"},{"taxonomy":"post_tag","embeddable":true,"href":"https:\/\/www.teresalv.com\/centrodeeducacionintegral\/wp-json\/wp\/v2\/tags?post=8"}],"curies":[{"name":"wp","href":"https:\/\/api.w.org\/{rel}","templated":true}]}}