{"id":6,"date":"2012-08-18T19:37:00","date_gmt":"2012-08-18T19:37:00","guid":{"rendered":"http:\/\/www.centroeducacionintegral.es\/carta-de-un-profesor-anonimo-a-la-familia\/"},"modified":"2013-04-14T19:57:54","modified_gmt":"2013-04-14T19:57:54","slug":"carta-de-un-profesor-anonimo-a-la-familia","status":"publish","type":"post","link":"https:\/\/www.teresalv.com\/centrodeeducacionintegral\/carta-de-un-profesor-anonimo-a-la-familia\/","title":{"rendered":"Carta de un Profesor An\u00f3nimo a la familia"},"content":{"rendered":"<p><a href=\"http:\/\/www.guardian.co.uk\/teacher-network\/teacher-blog\/2012\/may\/19\/secret-teacher-letter-home\">http:\/\/www.guardian.co.uk\/teacher-network\/teacher-blog\/2012\/may\/19\/secret-teacher-letter-home<\/a><\/p>\n<p>Estimada Sra. Madre y Sr. Padre,<br \/>\nSiento tener que escribirles, pero es importante que sepan que su hija no est\u00e1 progresando tanto como podr\u00eda en la escuela. El fallo no es suyo sino de la escuela.<\/p>\n<p><!--more--><\/p>\n<p>[&#8230;]<\/p>\n<p>La escuela necesita mejorar, pero no estoy seguro de que pueda. El sentido com\u00fan y la confianza en la comunicaci\u00f3n humana est\u00e1 siendo expulsada de la profesi\u00f3n. Gran parte del profesorado parece que le gusta que le digan exactamente lo que hacer y c\u00f3mo hacerlo. El &#8216;status quo&#8217; es tambi\u00e9n ideal para muchos de los mandos intermedios y la alta direcci\u00f3n. Les permite ejercer el poder, justificando sus excesivos salarios y siendo reconocidos por sus iguales como excepcionales profesionales de la educaci\u00f3n. Un reconocimiento que el alumnado de su aula nunca les dar\u00eda. No importa. De todos modos nunca les gust\u00f3 realmente la ense\u00f1anza a escolares.<\/p>\n<p>Siento tener que escribirles as\u00ed, y decirles que su hija tiene un bajo rendimiento. Pero yo soy parte del sistema. Y debo confesar.<\/p>\n<p>Suyo,<br \/>\nProfesor An\u00f3nimo<\/p>\n<p>(Hoy el Profesor An\u00f3nimo ense\u00f1a en un Instituto de Ense\u00f1anza Secundaria en Inglaterra)<\/p>\n","protected":false},"excerpt":{"rendered":"<p>http:\/\/www.guardian.co.uk\/teacher-network\/teacher-blog\/2012\/may\/19\/secret-teacher-letter-home Estimada Sra. Madre y Sr. Padre, Siento tener que escribirles, pero es importante que sepan que su hija no est&aacute; progresando tanto como podr&iacute;a en la escuela. El fallo no es suyo sino de la escuela.<\/p>\n","protected":false},"author":1,"featured_media":0,"comment_status":"open","ping_status":"open","sticky":false,"template":"","format":"standard","meta":{"footnotes":""},"categories":[9,8],"tags":[],"class_list":["post-6","post","type-post","status-publish","format-standard","hentry","category-atencion-a-la-diversidad","category-pedagogia"],"aioseo_notices":[],"aioseo_head":"\n\t\t<!-- All in One SEO 5.0.0.1 - aioseo.com -->\n\t<meta name=\"robots\" content=\"max-image-preview:large\" \/>\n\t<meta name=\"author\" content=\"teresalv\"\/>\n\t<link rel=\"canonical\" href=\"https:\/\/www.teresalv.com\/centrodeeducacionintegral\/carta-de-un-profesor-anonimo-a-la-familia\/\" \/>\n\t<meta name=\"generator\" content=\"All in One SEO (AIOSEO) 5.0.0.1\" \/>\n\t\t<meta property=\"og:locale\" content=\"es_ES\" \/>\n\t\t<meta property=\"og:site_name\" content=\"Centro de Educaci\u00f3n Integral | Otro sitio realizado con WordPress\" \/>\n\t\t<meta property=\"og:type\" content=\"article\" \/>\n\t\t<meta property=\"og:title\" content=\"Carta de un Profesor An\u00f3nimo a la familia | Centro de Educaci\u00f3n Integral\" \/>\n\t\t<meta property=\"og:url\" content=\"https:\/\/www.teresalv.com\/centrodeeducacionintegral\/carta-de-un-profesor-anonimo-a-la-familia\/\" \/>\n\t\t<meta property=\"article:published_time\" content=\"2012-08-18T19:37:00+00:00\" \/>\n\t\t<meta property=\"article:modified_time\" content=\"2013-04-14T19:57:54+00:00\" \/>\n\t\t<meta name=\"twitter:card\" content=\"summary\" \/>\n\t\t<meta name=\"twitter:title\" content=\"Carta de un Profesor An\u00f3nimo a la familia | Centro de Educaci\u00f3n Integral\" \/>\n\t\t<script type=\"application\/ld+json\" class=\"aioseo-schema\">\n\t\t\t{\"@context\":\"https:\\\/\\\/schema.org\",\"@graph\":[{\"@type\":\"Article\",\"@id\":\"https:\\\/\\\/www.teresalv.com\\\/centrodeeducacionintegral\\\/carta-de-un-profesor-anonimo-a-la-familia\\\/#article\",\"name\":\"Carta de un Profesor An\\u00f3nimo a la familia | Centro de Educaci\\u00f3n Integral\",\"headline\":\"Carta de un Profesor An\\u00f3nimo a la familia\",\"author\":{\"@id\":\"https:\\\/\\\/www.teresalv.com\\\/centrodeeducacionintegral\\\/author\\\/teresalv\\\/#author\"},\"publisher\":{\"@id\":\"https:\\\/\\\/www.teresalv.com\\\/centrodeeducacionintegral\\\/#organization\"},\"datePublished\":\"2012-08-18T19:37:00+00:00\",\"dateModified\":\"2013-04-14T19:57:54+00:00\",\"inLanguage\":\"es-ES\",\"mainEntityOfPage\":{\"@id\":\"https:\\\/\\\/www.teresalv.com\\\/centrodeeducacionintegral\\\/carta-de-un-profesor-anonimo-a-la-familia\\\/#webpage\"},\"isPartOf\":{\"@id\":\"https:\\\/\\\/www.teresalv.com\\\/centrodeeducacionintegral\\\/carta-de-un-profesor-anonimo-a-la-familia\\\/#webpage\"},\"articleSection\":\"atenci\\u00f3n a la diversidad, pedagog\\u00eda\"},{\"@type\":\"BreadcrumbList\",\"@id\":\"https:\\\/\\\/www.teresalv.com\\\/centrodeeducacionintegral\\\/carta-de-un-profesor-anonimo-a-la-familia\\\/#breadcrumblist\",\"itemListElement\":[{\"@type\":\"ListItem\",\"@id\":\"https:\\\/\\\/www.teresalv.com\\\/centrodeeducacionintegral#listItem\",\"position\":1,\"name\":\"Inicio\",\"item\":\"https:\\\/\\\/www.teresalv.com\\\/centrodeeducacionintegral\",\"nextItem\":{\"@type\":\"ListItem\",\"@id\":\"https:\\\/\\\/www.teresalv.com\\\/centrodeeducacionintegral\\\/category\\\/pedagogia\\\/#listItem\",\"name\":\"pedagog\\u00eda\"}},{\"@type\":\"ListItem\",\"@id\":\"https:\\\/\\\/www.teresalv.com\\\/centrodeeducacionintegral\\\/category\\\/pedagogia\\\/#listItem\",\"position\":2,\"name\":\"pedagog\\u00eda\",\"item\":\"https:\\\/\\\/www.teresalv.com\\\/centrodeeducacionintegral\\\/category\\\/pedagogia\\\/\",\"nextItem\":{\"@type\":\"ListItem\",\"@id\":\"https:\\\/\\\/www.teresalv.com\\\/centrodeeducacionintegral\\\/carta-de-un-profesor-anonimo-a-la-familia\\\/#listItem\",\"name\":\"Carta de un Profesor An\\u00f3nimo a la familia\"},\"previousItem\":{\"@type\":\"ListItem\",\"@id\":\"https:\\\/\\\/www.teresalv.com\\\/centrodeeducacionintegral#listItem\",\"name\":\"Inicio\"}},{\"@type\":\"ListItem\",\"@id\":\"https:\\\/\\\/www.teresalv.com\\\/centrodeeducacionintegral\\\/carta-de-un-profesor-anonimo-a-la-familia\\\/#listItem\",\"position\":3,\"name\":\"Carta de un Profesor An\\u00f3nimo a la familia\",\"previousItem\":{\"@type\":\"ListItem\",\"@id\":\"https:\\\/\\\/www.teresalv.com\\\/centrodeeducacionintegral\\\/category\\\/pedagogia\\\/#listItem\",\"name\":\"pedagog\\u00eda\"}}]},{\"@type\":\"Organization\",\"@id\":\"https:\\\/\\\/www.teresalv.com\\\/centrodeeducacionintegral\\\/#organization\",\"name\":\"Centro de Educaci\\u00f3n Integral\",\"description\":\"Otro sitio realizado con WordPress\",\"url\":\"https:\\\/\\\/www.teresalv.com\\\/centrodeeducacionintegral\\\/\"},{\"@type\":\"Person\",\"@id\":\"https:\\\/\\\/www.teresalv.com\\\/centrodeeducacionintegral\\\/author\\\/teresalv\\\/#author\",\"url\":\"https:\\\/\\\/www.teresalv.com\\\/centrodeeducacionintegral\\\/author\\\/teresalv\\\/\",\"name\":\"teresalv\",\"image\":{\"@type\":\"ImageObject\",\"@id\":\"https:\\\/\\\/www.teresalv.com\\\/centrodeeducacionintegral\\\/carta-de-un-profesor-anonimo-a-la-familia\\\/#authorImage\",\"url\":\"https:\\\/\\\/secure.gravatar.com\\\/avatar\\\/c7b75383ba1f746757945a23daafd31da5e564d7173cc7790ec1447c581ba32b?s=96&d=mm&r=g\",\"width\":96,\"height\":96,\"caption\":\"teresalv\"}},{\"@type\":\"WebPage\",\"@id\":\"https:\\\/\\\/www.teresalv.com\\\/centrodeeducacionintegral\\\/carta-de-un-profesor-anonimo-a-la-familia\\\/#webpage\",\"url\":\"https:\\\/\\\/www.teresalv.com\\\/centrodeeducacionintegral\\\/carta-de-un-profesor-anonimo-a-la-familia\\\/\",\"name\":\"Carta de un Profesor An\\u00f3nimo a la familia | Centro de Educaci\\u00f3n Integral\",\"inLanguage\":\"es-ES\",\"isPartOf\":{\"@id\":\"https:\\\/\\\/www.teresalv.com\\\/centrodeeducacionintegral\\\/#website\"},\"breadcrumb\":{\"@id\":\"https:\\\/\\\/www.teresalv.com\\\/centrodeeducacionintegral\\\/carta-de-un-profesor-anonimo-a-la-familia\\\/#breadcrumblist\"},\"author\":{\"@id\":\"https:\\\/\\\/www.teresalv.com\\\/centrodeeducacionintegral\\\/author\\\/teresalv\\\/#author\"},\"creator\":{\"@id\":\"https:\\\/\\\/www.teresalv.com\\\/centrodeeducacionintegral\\\/author\\\/teresalv\\\/#author\"},\"datePublished\":\"2012-08-18T19:37:00+00:00\",\"dateModified\":\"2013-04-14T19:57:54+00:00\"},{\"@type\":\"WebSite\",\"@id\":\"https:\\\/\\\/www.teresalv.com\\\/centrodeeducacionintegral\\\/#website\",\"url\":\"https:\\\/\\\/www.teresalv.com\\\/centrodeeducacionintegral\\\/\",\"name\":\"Centro de Educaci\\u00f3n Integral\",\"description\":\"Otro sitio realizado con WordPress\",\"inLanguage\":\"es-ES\",\"publisher\":{\"@id\":\"https:\\\/\\\/www.teresalv.com\\\/centrodeeducacionintegral\\\/#organization\"}}]}\n\t\t<\/script>\n\t\t<!-- All in One SEO -->\n\n","aioseo_head_json":{"title":"Carta de un Profesor An\u00f3nimo a la familia | Centro de Educaci\u00f3n Integral","description":"","canonical_url":"https:\/\/www.teresalv.com\/centrodeeducacionintegral\/carta-de-un-profesor-anonimo-a-la-familia\/","robots":"max-image-preview:large","keywords":"","webmasterTools":{"miscellaneous":""},"schema":{"@context":"https:\/\/schema.org","@graph":[{"@type":"Article","@id":"https:\/\/www.teresalv.com\/centrodeeducacionintegral\/carta-de-un-profesor-anonimo-a-la-familia\/#article","name":"Carta de un Profesor An\u00f3nimo a la familia | Centro de Educaci\u00f3n Integral","headline":"Carta de un Profesor An\u00f3nimo a la familia","author":{"@id":"https:\/\/www.teresalv.com\/centrodeeducacionintegral\/author\/teresalv\/#author"},"publisher":{"@id":"https:\/\/www.teresalv.com\/centrodeeducacionintegral\/#organization"},"datePublished":"2012-08-18T19:37:00+00:00","dateModified":"2013-04-14T19:57:54+00:00","inLanguage":"es-ES","mainEntityOfPage":{"@id":"https:\/\/www.teresalv.com\/centrodeeducacionintegral\/carta-de-un-profesor-anonimo-a-la-familia\/#webpage"},"isPartOf":{"@id":"https:\/\/www.teresalv.com\/centrodeeducacionintegral\/carta-de-un-profesor-anonimo-a-la-familia\/#webpage"},"articleSection":"atenci\u00f3n a la diversidad, pedagog\u00eda"},{"@type":"BreadcrumbList","@id":"https:\/\/www.teresalv.com\/centrodeeducacionintegral\/carta-de-un-profesor-anonimo-a-la-familia\/#breadcrumblist","itemListElement":[{"@type":"ListItem","@id":"https:\/\/www.teresalv.com\/centrodeeducacionintegral#listItem","position":1,"name":"Inicio","item":"https:\/\/www.teresalv.com\/centrodeeducacionintegral","nextItem":{"@type":"ListItem","@id":"https:\/\/www.teresalv.com\/centrodeeducacionintegral\/category\/pedagogia\/#listItem","name":"pedagog\u00eda"}},{"@type":"ListItem","@id":"https:\/\/www.teresalv.com\/centrodeeducacionintegral\/category\/pedagogia\/#listItem","position":2,"name":"pedagog\u00eda","item":"https:\/\/www.teresalv.com\/centrodeeducacionintegral\/category\/pedagogia\/","nextItem":{"@type":"ListItem","@id":"https:\/\/www.teresalv.com\/centrodeeducacionintegral\/carta-de-un-profesor-anonimo-a-la-familia\/#listItem","name":"Carta de un Profesor An\u00f3nimo a la familia"},"previousItem":{"@type":"ListItem","@id":"https:\/\/www.teresalv.com\/centrodeeducacionintegral#listItem","name":"Inicio"}},{"@type":"ListItem","@id":"https:\/\/www.teresalv.com\/centrodeeducacionintegral\/carta-de-un-profesor-anonimo-a-la-familia\/#listItem","position":3,"name":"Carta de un Profesor An\u00f3nimo a la familia","previousItem":{"@type":"ListItem","@id":"https:\/\/www.teresalv.com\/centrodeeducacionintegral\/category\/pedagogia\/#listItem","name":"pedagog\u00eda"}}]},{"@type":"Organization","@id":"https:\/\/www.teresalv.com\/centrodeeducacionintegral\/#organization","name":"Centro de Educaci\u00f3n Integral","description":"Otro sitio realizado con WordPress","url":"https:\/\/www.teresalv.com\/centrodeeducacionintegral\/"},{"@type":"Person","@id":"https:\/\/www.teresalv.com\/centrodeeducacionintegral\/author\/teresalv\/#author","url":"https:\/\/www.teresalv.com\/centrodeeducacionintegral\/author\/teresalv\/","name":"teresalv","image":{"@type":"ImageObject","@id":"https:\/\/www.teresalv.com\/centrodeeducacionintegral\/carta-de-un-profesor-anonimo-a-la-familia\/#authorImage","url":"https:\/\/secure.gravatar.com\/avatar\/c7b75383ba1f746757945a23daafd31da5e564d7173cc7790ec1447c581ba32b?s=96&d=mm&r=g","width":96,"height":96,"caption":"teresalv"}},{"@type":"WebPage","@id":"https:\/\/www.teresalv.com\/centrodeeducacionintegral\/carta-de-un-profesor-anonimo-a-la-familia\/#webpage","url":"https:\/\/www.teresalv.com\/centrodeeducacionintegral\/carta-de-un-profesor-anonimo-a-la-familia\/","name":"Carta de un Profesor An\u00f3nimo a la familia | Centro de Educaci\u00f3n Integral","inLanguage":"es-ES","isPartOf":{"@id":"https:\/\/www.teresalv.com\/centrodeeducacionintegral\/#website"},"breadcrumb":{"@id":"https:\/\/www.teresalv.com\/centrodeeducacionintegral\/carta-de-un-profesor-anonimo-a-la-familia\/#breadcrumblist"},"author":{"@id":"https:\/\/www.teresalv.com\/centrodeeducacionintegral\/author\/teresalv\/#author"},"creator":{"@id":"https:\/\/www.teresalv.com\/centrodeeducacionintegral\/author\/teresalv\/#author"},"datePublished":"2012-08-18T19:37:00+00:00","dateModified":"2013-04-14T19:57:54+00:00"},{"@type":"WebSite","@id":"https:\/\/www.teresalv.com\/centrodeeducacionintegral\/#website","url":"https:\/\/www.teresalv.com\/centrodeeducacionintegral\/","name":"Centro de Educaci\u00f3n Integral","description":"Otro sitio realizado con WordPress","inLanguage":"es-ES","publisher":{"@id":"https:\/\/www.teresalv.com\/centrodeeducacionintegral\/#organization"}}]},"og:locale":"es_ES","og:site_name":"Centro de Educaci\u00f3n Integral | Otro sitio realizado con WordPress","og:type":"article","og:title":"Carta de un Profesor An\u00f3nimo a la familia | Centro de Educaci\u00f3n Integral","og:url":"https:\/\/www.teresalv.com\/centrodeeducacionintegral\/carta-de-un-profesor-anonimo-a-la-familia\/","article:published_time":"2012-08-18T19:37:00+00:00","article:modified_time":"2013-04-14T19:57:54+00:00","twitter:card":"summary","twitter:title":"Carta de un Profesor An\u00f3nimo a la familia | Centro de Educaci\u00f3n Integral"},"aioseo_meta_data":{"post_id":"6","title":null,"description":null,"keywords":null,"keyphrases":null,"primary_term":null,"canonical_url":null,"og_title":null,"og_description":null,"og_object_type":"default","og_image_type":"default","og_image_url":null,"og_image_width":null,"og_image_height":null,"og_image_custom_url":null,"og_image_custom_fields":null,"og_video":null,"og_custom_url":null,"og_article_section":null,"og_article_tags":null,"twitter_use_og":false,"twitter_card":"default","twitter_image_type":"default","twitter_image_url":null,"twitter_image_custom_url":null,"twitter_image_custom_fields":null,"twitter_title":null,"twitter_description":null,"schema":{"blockGraphs":[],"customGraphs":[],"default":{"data":{"Article":[],"Course":[],"Dataset":[],"FAQPage":[],"Movie":[],"Person":[],"Product":[],"ProductReview":[],"Car":[],"Recipe":[],"Service":[],"SoftwareApplication":[],"WebPage":[]},"graphName":"","isEnabled":true},"graphs":[]},"schema_type":null,"schema_type_options":null,"pillar_content":false,"robots_default":true,"robots_noindex":false,"robots_noarchive":false,"robots_nosnippet":false,"robots_nofollow":false,"robots_noimageindex":false,"robots_noodp":false,"robots_notranslate":false,"robots_max_snippet":null,"robots_max_videopreview":null,"robots_max_imagepreview":"large","priority":null,"frequency":null,"location":null,"local_seo":null,"breadcrumb_settings":null,"limit_modified_date":false,"ai":null,"created":"2021-02-15 21:09:59","updated":"2025-06-23 13:47:17","seo_analyzer_scan_date":null,"focus_keyword":null,"additional_keywords":null,"truseo_locale":null},"aioseo_breadcrumb":"<div class=\"aioseo-breadcrumbs\"><span class=\"aioseo-breadcrumb\">\n\t\t\t<a href=\"https:\/\/www.teresalv.com\/centrodeeducacionintegral\" title=\"Inicio\">Inicio<\/a>\n\t\t<\/span><span class=\"aioseo-breadcrumb-separator\">&raquo;<\/span><span class=\"aioseo-breadcrumb\">\n\t\t\t<a href=\"https:\/\/www.teresalv.com\/centrodeeducacionintegral\/category\/pedagogia\/\" title=\"pedagog\u00eda\">pedagog\u00eda<\/a>\n\t\t<\/span><span class=\"aioseo-breadcrumb-separator\">&raquo;<\/span><span class=\"aioseo-breadcrumb\">\n\t\t\tCarta de un Profesor An\u00f3nimo a la familia\n\t\t<\/span><\/div>","aioseo_breadcrumb_json":[{"label":"Inicio","link":"https:\/\/www.teresalv.com\/centrodeeducacionintegral"},{"label":"pedagog\u00eda","link":"https:\/\/www.teresalv.com\/centrodeeducacionintegral\/category\/pedagogia\/"},{"label":"Carta de un Profesor An\u00f3nimo a la familia","link":"https:\/\/www.teresalv.com\/centrodeeducacionintegral\/carta-de-un-profesor-anonimo-a-la-familia\/"}],"_links":{"self":[{"href":"https:\/\/www.teresalv.com\/centrodeeducacionintegral\/wp-json\/wp\/v2\/posts\/6","targetHints":{"allow":["GET"]}}],"collection":[{"href":"https:\/\/www.teresalv.com\/centrodeeducacionintegral\/wp-json\/wp\/v2\/posts"}],"about":[{"href":"https:\/\/www.teresalv.com\/centrodeeducacionintegral\/wp-json\/wp\/v2\/types\/post"}],"author":[{"embeddable":true,"href":"https:\/\/www.teresalv.com\/centrodeeducacionintegral\/wp-json\/wp\/v2\/users\/1"}],"replies":[{"embeddable":true,"href":"https:\/\/www.teresalv.com\/centrodeeducacionintegral\/wp-json\/wp\/v2\/comments?post=6"}],"version-history":[{"count":1,"href":"https:\/\/www.teresalv.com\/centrodeeducacionintegral\/wp-json\/wp\/v2\/posts\/6\/revisions"}],"predecessor-version":[{"id":59,"href":"https:\/\/www.teresalv.com\/centrodeeducacionintegral\/wp-json\/wp\/v2\/posts\/6\/revisions\/59"}],"wp:attachment":[{"href":"https:\/\/www.teresalv.com\/centrodeeducacionintegral\/wp-json\/wp\/v2\/media?parent=6"}],"wp:term":[{"taxonomy":"category","embeddable":true,"href":"https:\/\/www.teresalv.com\/centrodeeducacionintegral\/wp-json\/wp\/v2\/categories?post=6"},{"taxonomy":"post_tag","embeddable":true,"href":"https:\/\/www.teresalv.com\/centrodeeducacionintegral\/wp-json\/wp\/v2\/tags?post=6"}],"curies":[{"name":"wp","href":"https:\/\/api.w.org\/{rel}","templated":true}]}}