{"id":53,"date":"2009-05-27T11:38:00","date_gmt":"2009-05-27T11:38:00","guid":{"rendered":"http:\/\/www.centroeducacionintegral.es\/la-educacion-emocional-en-la-educacion-infantil\/"},"modified":"2009-05-27T11:38:00","modified_gmt":"2009-05-27T11:38:00","slug":"la-educacion-emocional-en-la-educacion-infantil","status":"publish","type":"post","link":"https:\/\/www.teresalv.com\/centrodeeducacionintegral\/la-educacion-emocional-en-la-educacion-infantil\/","title":{"rendered":"La educaci\u00f3n emocional en la educaci\u00f3n infantil"},"content":{"rendered":"<div><a href=\"http:\/\/3.bp.blogspot.com\/_mkcLJTO0tnY\/SiGHP1JA8rI\/AAAAAAAAACo\/c9MXC84Euqc\/s1600-h\/emocion-300x300.jpg\"><img decoding=\"async\" src=\"http:\/\/3.bp.blogspot.com\/_mkcLJTO0tnY\/SiGHP1JA8rI\/AAAAAAAAACo\/c9MXC84Euqc\/s320\/emocion-300x300.jpg\" alt=\"\" border=\"0\"><\/a>                    <strong><\/strong>Las emociones est\u00e1n presentes en nuestras vidas desde que nacemos y juegan un papel relevante en la construcci\u00f3n de nuestra personalidad e interacci\u00f3n social. Vivimos las emociones en cualquier espacio y tiempo, con la familia, con los amigos, con nuestro entorno, con nuestros iguales, con nuestra escuela, con nuestros educadores, etc. Por lo que la escuela es un \u00e1mbito m\u00e1s de conocimiento y de experiencias en el que se desarrollan las emociones. Educar significa contemplar el desarrollo integral de las personas, desarrollar las capacidades tanto cognitivas, f\u00edsicas, ling\u00fc\u00edsticas, morales como afectivo y emocionales. La educaci\u00f3n emocional adopta un enfoque del ciclo vital que se lleva a la pr\u00e1ctica a trav\u00e9s de programas secuenciados, que pueden iniciarse en la educaci\u00f3n infantil. <\/div>\n<div>[&#8230;] la puesta en pr\u00e1ctica de la educaci\u00f3n emocional no tan s\u00f3lo ha enriquecido al alumnado sino tambi\u00e9n a los docentes en cuanto a su crecimiento personal y profesional. Ha unido al equipo de profesores, generando m\u00e1s comunicaci\u00f3n y empat\u00eda entre ellos. Se han construido nuevos proyectos de centro, nuevas ilusiones compartidas y se ha favorecido el di\u00e1logo y el respeto.      <\/div>\n<div>\n<\/div>\n<div><strong><\/strong><span>Lee el art\u00edculo completo:<\/span> <a href=\"http:\/\/dialnet.unirioja.es\/servlet\/fichero_articulo?codigo=2126770&#038;orden=0\">L\u00d3PEZ C\u00c0SSA, \u00c8lia (2005): \u00abLa educaci\u00f3n emocional en la educaci\u00f3n infantil\u00bb<\/a><a href=\"http:\/\/dialnet.unirioja.es\/servlet\/fichero_articulo?codigo=2126770&#038;orden=0\">, Revista interuniversitaria de formaci\u00f3n del profesorado, n\u00ba 54 (coord. Mar\u00eda Rosario Fern\u00e1ndez Dom\u00edguez, Mar\u00eda Pilar Teruel Melero), p\u00e1g 153-168<\/a><\/div>\n<div>\n<p><strong><\/strong><\/div>\n","protected":false},"excerpt":{"rendered":"<p>Las emociones est&aacute;n presentes en nuestras vidas desde que nacemos y juegan un papel relevante en la construcci&oacute;n de nuestra personalidad e interacci&oacute;n social. Vivimos las emociones en cualquier espacio y tiempo, con la familia, con los amigos, con nuestro &hellip; <a href=\"https:\/\/www.teresalv.com\/centrodeeducacionintegral\/la-educacion-emocional-en-la-educacion-infantil\/\">Sigue leyendo <span class=\"meta-nav\">&rarr;<\/span><\/a><\/p>\n","protected":false},"author":1,"featured_media":0,"comment_status":"open","ping_status":"open","sticky":false,"template":"","format":"standard","meta":{"footnotes":""},"categories":[5,4,18],"tags":[],"class_list":["post-53","post","type-post","status-publish","format-standard","hentry","category-aprender-para-ser","category-educacion-emocional","category-educacion-infantil"],"aioseo_notices":[],"_links":{"self":[{"href":"https:\/\/www.teresalv.com\/centrodeeducacionintegral\/wp-json\/wp\/v2\/posts\/53","targetHints":{"allow":["GET"]}}],"collection":[{"href":"https:\/\/www.teresalv.com\/centrodeeducacionintegral\/wp-json\/wp\/v2\/posts"}],"about":[{"href":"https:\/\/www.teresalv.com\/centrodeeducacionintegral\/wp-json\/wp\/v2\/types\/post"}],"author":[{"embeddable":true,"href":"https:\/\/www.teresalv.com\/centrodeeducacionintegral\/wp-json\/wp\/v2\/users\/1"}],"replies":[{"embeddable":true,"href":"https:\/\/www.teresalv.com\/centrodeeducacionintegral\/wp-json\/wp\/v2\/comments?post=53"}],"version-history":[{"count":0,"href":"https:\/\/www.teresalv.com\/centrodeeducacionintegral\/wp-json\/wp\/v2\/posts\/53\/revisions"}],"wp:attachment":[{"href":"https:\/\/www.teresalv.com\/centrodeeducacionintegral\/wp-json\/wp\/v2\/media?parent=53"}],"wp:term":[{"taxonomy":"category","embeddable":true,"href":"https:\/\/www.teresalv.com\/centrodeeducacionintegral\/wp-json\/wp\/v2\/categories?post=53"},{"taxonomy":"post_tag","embeddable":true,"href":"https:\/\/www.teresalv.com\/centrodeeducacionintegral\/wp-json\/wp\/v2\/tags?post=53"}],"curies":[{"name":"wp","href":"https:\/\/api.w.org\/{rel}","templated":true}]}}