{"id":50,"date":"2009-05-30T16:18:00","date_gmt":"2009-05-30T16:18:00","guid":{"rendered":"http:\/\/www.centroeducacionintegral.es\/terapia-infantil-gestaltica\/"},"modified":"2009-05-30T16:18:00","modified_gmt":"2009-05-30T16:18:00","slug":"terapia-infantil-gestaltica","status":"publish","type":"post","link":"https:\/\/www.teresalv.com\/centrodeeducacionintegral\/terapia-infantil-gestaltica\/","title":{"rendered":"Terapia Infantil Gest\u00e1ltica"},"content":{"rendered":"<div><a href=\"http:\/\/4.bp.blogspot.com\/_mkcLJTO0tnY\/SiHgG1XR5bI\/AAAAAAAAADg\/w3ptcoLOXUw\/s1600-h\/gestalt_s.jpg\"><img decoding=\"async\" src=\"http:\/\/4.bp.blogspot.com\/_mkcLJTO0tnY\/SiHgG1XR5bI\/AAAAAAAAADg\/w3ptcoLOXUw\/s200\/gestalt_s.jpg\" alt=\"\" border=\"0\"><\/a>La concepci\u00f3n que tiene la Terapia Gestalt de la ni\u00f1ez es una concepci\u00f3n humanista, optimista; es decir, cree en sus potencialidades y en su tendencia innata a la salud y al crecimiento. Cuando esto no es as\u00ed, tratamos de descubrir qu\u00e9 es lo que est\u00e1 ocurriendo.<\/div>\n<div>La Terapia Gestalt tiene una concepci\u00f3n hol\u00edstica de la persona, teniendo en cuenta la parte sensorial, la afectiva, la intelectual, la social y la transpersonal. Este es quiz\u00e1 el punto m\u00e1s espec\u00edfico: percibimos al sujeto como un todo, no vamos a tratar s\u00f3lo una parte ni a pelearnos con la parte da\u00f1ada. La idea es recuperar lo que nos dice el s\u00edntoma y favorecer el crecimiento integral del ser.<\/p>\n<p>La terapia con ni\u00f1os y ni\u00f1as va a diferir mucho dependiendo del momento evolutivo en que se encuentren, pero com\u00fan en todas las edades ser\u00e1 la importancia del Contexto: la familia, la escuela, su grupo de iguales&#8230; Se considera la interrelaci\u00f3n de elementos del sistema familiar y su influencia rec\u00edproca, as\u00ed como la de otras figuras adultas significativas.<\/p>\n<p>Conceptos que ayudan a la comprensi\u00f3n del modelo de la Psicoterapia Infantil Gest\u00e1ltica: <span>El Darse Cuenta, el Aqu\u00ed y Ahora, Figura-Fondo, El Contacto, Las Polaridades, La Satisfacci\u00f3n de las Necesidades, Asuntos Inconclusos, Diferenciar Sentimiento y Acci\u00f3n, La Confluencia, La Proyecci\u00f3n, la Introyecci\u00f3n, La Retroflexi\u00f3n, Los Sue\u00f1os, La Teor\u00eda Parad\u00f3jica del Cambio y El Contexto.<\/span><\/p>\n<p><span>Si quieres leer m\u00e1s sobre el tema:<\/span> <a href=\"http:\/\/www.itgestalt.com\/portal\/modules.php?op=modload&#038;name=UpDownload&#038;file=index&#038;req=getit&#038;lid=155\">ROS MONR\u00d3S, Raquel (2005): \u00abLa Psicoterapia Infantil Gest\u00e1ltica\u00bb. Hojas Informativas de l@s Psic\u00f3lo@s de Las Palmas n\u00ba79-80, pp 31-35<\/a><\/div>\n","protected":false},"excerpt":{"rendered":"<p>La concepci&oacute;n que tiene la Terapia Gestalt de la ni&ntilde;ez es una concepci&oacute;n humanista, optimista; es decir, cree en sus potencialidades y en su tendencia innata a la salud y al crecimiento. Cuando esto no es as&iacute;, tratamos de descubrir &hellip; <a href=\"https:\/\/www.teresalv.com\/centrodeeducacionintegral\/terapia-infantil-gestaltica\/\">Sigue leyendo <span class=\"meta-nav\">&rarr;<\/span><\/a><\/p>\n","protected":false},"author":1,"featured_media":0,"comment_status":"open","ping_status":"open","sticky":false,"template":"","format":"standard","meta":{"footnotes":""},"categories":[5,18,20],"tags":[],"class_list":["post-50","post","type-post","status-publish","format-standard","hentry","category-aprender-para-ser","category-educacion-infantil","category-psicologia"],"aioseo_notices":[],"aioseo_head":"\n\t\t<!-- All in One SEO 5.0.0.1 - aioseo.com -->\n\t<meta name=\"robots\" content=\"max-image-preview:large\" \/>\n\t<meta name=\"author\" content=\"teresalv\"\/>\n\t<link rel=\"canonical\" href=\"https:\/\/www.teresalv.com\/centrodeeducacionintegral\/terapia-infantil-gestaltica\/\" \/>\n\t<meta name=\"generator\" content=\"All in One SEO (AIOSEO) 5.0.0.1\" \/>\n\t\t<meta property=\"og:locale\" content=\"es_ES\" \/>\n\t\t<meta property=\"og:site_name\" content=\"Centro de Educaci\u00f3n Integral | Otro sitio realizado con WordPress\" \/>\n\t\t<meta property=\"og:type\" content=\"article\" \/>\n\t\t<meta property=\"og:title\" content=\"Terapia Infantil Gest\u00e1ltica | Centro de Educaci\u00f3n Integral\" \/>\n\t\t<meta property=\"og:url\" content=\"https:\/\/www.teresalv.com\/centrodeeducacionintegral\/terapia-infantil-gestaltica\/\" \/>\n\t\t<meta property=\"article:published_time\" content=\"2009-05-30T16:18:00+00:00\" \/>\n\t\t<meta property=\"article:modified_time\" content=\"2009-05-30T16:18:00+00:00\" \/>\n\t\t<meta name=\"twitter:card\" content=\"summary\" \/>\n\t\t<meta name=\"twitter:title\" content=\"Terapia Infantil Gest\u00e1ltica | Centro de Educaci\u00f3n Integral\" \/>\n\t\t<script type=\"application\/ld+json\" class=\"aioseo-schema\">\n\t\t\t{\"@context\":\"https:\\\/\\\/schema.org\",\"@graph\":[{\"@type\":\"Article\",\"@id\":\"https:\\\/\\\/www.teresalv.com\\\/centrodeeducacionintegral\\\/terapia-infantil-gestaltica\\\/#article\",\"name\":\"Terapia Infantil Gest\\u00e1ltica | Centro de Educaci\\u00f3n Integral\",\"headline\":\"Terapia Infantil Gest\\u00e1ltica\",\"author\":{\"@id\":\"https:\\\/\\\/www.teresalv.com\\\/centrodeeducacionintegral\\\/author\\\/teresalv\\\/#author\"},\"publisher\":{\"@id\":\"https:\\\/\\\/www.teresalv.com\\\/centrodeeducacionintegral\\\/#organization\"},\"image\":{\"@type\":\"ImageObject\",\"url\":\"http:\\\/\\\/4.bp.blogspot.com\\\/_mkcLJTO0tnY\\\/SiHgG1XR5bI\\\/AAAAAAAAADg\\\/w3ptcoLOXUw\\\/s200\\\/gestalt_s.jpg\",\"@id\":\"https:\\\/\\\/www.teresalv.com\\\/centrodeeducacionintegral\\\/terapia-infantil-gestaltica\\\/#articleImage\"},\"datePublished\":\"2009-05-30T16:18:00+00:00\",\"dateModified\":\"2009-05-30T16:18:00+00:00\",\"inLanguage\":\"es-ES\",\"mainEntityOfPage\":{\"@id\":\"https:\\\/\\\/www.teresalv.com\\\/centrodeeducacionintegral\\\/terapia-infantil-gestaltica\\\/#webpage\"},\"isPartOf\":{\"@id\":\"https:\\\/\\\/www.teresalv.com\\\/centrodeeducacionintegral\\\/terapia-infantil-gestaltica\\\/#webpage\"},\"articleSection\":\"aprender para ser, educaci\\u00f3n infantil, psicolog\\u00eda\"},{\"@type\":\"BreadcrumbList\",\"@id\":\"https:\\\/\\\/www.teresalv.com\\\/centrodeeducacionintegral\\\/terapia-infantil-gestaltica\\\/#breadcrumblist\",\"itemListElement\":[{\"@type\":\"ListItem\",\"@id\":\"https:\\\/\\\/www.teresalv.com\\\/centrodeeducacionintegral#listItem\",\"position\":1,\"name\":\"Inicio\",\"item\":\"https:\\\/\\\/www.teresalv.com\\\/centrodeeducacionintegral\",\"nextItem\":{\"@type\":\"ListItem\",\"@id\":\"https:\\\/\\\/www.teresalv.com\\\/centrodeeducacionintegral\\\/category\\\/aprender-para-ser\\\/#listItem\",\"name\":\"aprender para ser\"}},{\"@type\":\"ListItem\",\"@id\":\"https:\\\/\\\/www.teresalv.com\\\/centrodeeducacionintegral\\\/category\\\/aprender-para-ser\\\/#listItem\",\"position\":2,\"name\":\"aprender para ser\",\"item\":\"https:\\\/\\\/www.teresalv.com\\\/centrodeeducacionintegral\\\/category\\\/aprender-para-ser\\\/\",\"nextItem\":{\"@type\":\"ListItem\",\"@id\":\"https:\\\/\\\/www.teresalv.com\\\/centrodeeducacionintegral\\\/terapia-infantil-gestaltica\\\/#listItem\",\"name\":\"Terapia Infantil Gest\\u00e1ltica\"},\"previousItem\":{\"@type\":\"ListItem\",\"@id\":\"https:\\\/\\\/www.teresalv.com\\\/centrodeeducacionintegral#listItem\",\"name\":\"Inicio\"}},{\"@type\":\"ListItem\",\"@id\":\"https:\\\/\\\/www.teresalv.com\\\/centrodeeducacionintegral\\\/terapia-infantil-gestaltica\\\/#listItem\",\"position\":3,\"name\":\"Terapia Infantil Gest\\u00e1ltica\",\"previousItem\":{\"@type\":\"ListItem\",\"@id\":\"https:\\\/\\\/www.teresalv.com\\\/centrodeeducacionintegral\\\/category\\\/aprender-para-ser\\\/#listItem\",\"name\":\"aprender para ser\"}}]},{\"@type\":\"Organization\",\"@id\":\"https:\\\/\\\/www.teresalv.com\\\/centrodeeducacionintegral\\\/#organization\",\"name\":\"Centro de Educaci\\u00f3n Integral\",\"description\":\"Otro sitio realizado con WordPress\",\"url\":\"https:\\\/\\\/www.teresalv.com\\\/centrodeeducacionintegral\\\/\"},{\"@type\":\"Person\",\"@id\":\"https:\\\/\\\/www.teresalv.com\\\/centrodeeducacionintegral\\\/author\\\/teresalv\\\/#author\",\"url\":\"https:\\\/\\\/www.teresalv.com\\\/centrodeeducacionintegral\\\/author\\\/teresalv\\\/\",\"name\":\"teresalv\",\"image\":{\"@type\":\"ImageObject\",\"@id\":\"https:\\\/\\\/www.teresalv.com\\\/centrodeeducacionintegral\\\/terapia-infantil-gestaltica\\\/#authorImage\",\"url\":\"https:\\\/\\\/secure.gravatar.com\\\/avatar\\\/c7b75383ba1f746757945a23daafd31da5e564d7173cc7790ec1447c581ba32b?s=96&d=mm&r=g\",\"width\":96,\"height\":96,\"caption\":\"teresalv\"}},{\"@type\":\"WebPage\",\"@id\":\"https:\\\/\\\/www.teresalv.com\\\/centrodeeducacionintegral\\\/terapia-infantil-gestaltica\\\/#webpage\",\"url\":\"https:\\\/\\\/www.teresalv.com\\\/centrodeeducacionintegral\\\/terapia-infantil-gestaltica\\\/\",\"name\":\"Terapia Infantil Gest\\u00e1ltica | Centro de Educaci\\u00f3n Integral\",\"inLanguage\":\"es-ES\",\"isPartOf\":{\"@id\":\"https:\\\/\\\/www.teresalv.com\\\/centrodeeducacionintegral\\\/#website\"},\"breadcrumb\":{\"@id\":\"https:\\\/\\\/www.teresalv.com\\\/centrodeeducacionintegral\\\/terapia-infantil-gestaltica\\\/#breadcrumblist\"},\"author\":{\"@id\":\"https:\\\/\\\/www.teresalv.com\\\/centrodeeducacionintegral\\\/author\\\/teresalv\\\/#author\"},\"creator\":{\"@id\":\"https:\\\/\\\/www.teresalv.com\\\/centrodeeducacionintegral\\\/author\\\/teresalv\\\/#author\"},\"datePublished\":\"2009-05-30T16:18:00+00:00\",\"dateModified\":\"2009-05-30T16:18:00+00:00\"},{\"@type\":\"WebSite\",\"@id\":\"https:\\\/\\\/www.teresalv.com\\\/centrodeeducacionintegral\\\/#website\",\"url\":\"https:\\\/\\\/www.teresalv.com\\\/centrodeeducacionintegral\\\/\",\"name\":\"Centro de Educaci\\u00f3n Integral\",\"description\":\"Otro sitio realizado con WordPress\",\"inLanguage\":\"es-ES\",\"publisher\":{\"@id\":\"https:\\\/\\\/www.teresalv.com\\\/centrodeeducacionintegral\\\/#organization\"}}]}\n\t\t<\/script>\n\t\t<!-- All in One SEO -->\n\n","aioseo_head_json":{"title":"Terapia Infantil Gest\u00e1ltica | Centro de Educaci\u00f3n Integral","description":"","canonical_url":"https:\/\/www.teresalv.com\/centrodeeducacionintegral\/terapia-infantil-gestaltica\/","robots":"max-image-preview:large","keywords":"","webmasterTools":{"miscellaneous":""},"schema":{"@context":"https:\/\/schema.org","@graph":[{"@type":"Article","@id":"https:\/\/www.teresalv.com\/centrodeeducacionintegral\/terapia-infantil-gestaltica\/#article","name":"Terapia Infantil Gest\u00e1ltica | Centro de Educaci\u00f3n Integral","headline":"Terapia Infantil Gest\u00e1ltica","author":{"@id":"https:\/\/www.teresalv.com\/centrodeeducacionintegral\/author\/teresalv\/#author"},"publisher":{"@id":"https:\/\/www.teresalv.com\/centrodeeducacionintegral\/#organization"},"image":{"@type":"ImageObject","url":"http:\/\/4.bp.blogspot.com\/_mkcLJTO0tnY\/SiHgG1XR5bI\/AAAAAAAAADg\/w3ptcoLOXUw\/s200\/gestalt_s.jpg","@id":"https:\/\/www.teresalv.com\/centrodeeducacionintegral\/terapia-infantil-gestaltica\/#articleImage"},"datePublished":"2009-05-30T16:18:00+00:00","dateModified":"2009-05-30T16:18:00+00:00","inLanguage":"es-ES","mainEntityOfPage":{"@id":"https:\/\/www.teresalv.com\/centrodeeducacionintegral\/terapia-infantil-gestaltica\/#webpage"},"isPartOf":{"@id":"https:\/\/www.teresalv.com\/centrodeeducacionintegral\/terapia-infantil-gestaltica\/#webpage"},"articleSection":"aprender para ser, educaci\u00f3n infantil, psicolog\u00eda"},{"@type":"BreadcrumbList","@id":"https:\/\/www.teresalv.com\/centrodeeducacionintegral\/terapia-infantil-gestaltica\/#breadcrumblist","itemListElement":[{"@type":"ListItem","@id":"https:\/\/www.teresalv.com\/centrodeeducacionintegral#listItem","position":1,"name":"Inicio","item":"https:\/\/www.teresalv.com\/centrodeeducacionintegral","nextItem":{"@type":"ListItem","@id":"https:\/\/www.teresalv.com\/centrodeeducacionintegral\/category\/aprender-para-ser\/#listItem","name":"aprender para ser"}},{"@type":"ListItem","@id":"https:\/\/www.teresalv.com\/centrodeeducacionintegral\/category\/aprender-para-ser\/#listItem","position":2,"name":"aprender para ser","item":"https:\/\/www.teresalv.com\/centrodeeducacionintegral\/category\/aprender-para-ser\/","nextItem":{"@type":"ListItem","@id":"https:\/\/www.teresalv.com\/centrodeeducacionintegral\/terapia-infantil-gestaltica\/#listItem","name":"Terapia Infantil Gest\u00e1ltica"},"previousItem":{"@type":"ListItem","@id":"https:\/\/www.teresalv.com\/centrodeeducacionintegral#listItem","name":"Inicio"}},{"@type":"ListItem","@id":"https:\/\/www.teresalv.com\/centrodeeducacionintegral\/terapia-infantil-gestaltica\/#listItem","position":3,"name":"Terapia Infantil Gest\u00e1ltica","previousItem":{"@type":"ListItem","@id":"https:\/\/www.teresalv.com\/centrodeeducacionintegral\/category\/aprender-para-ser\/#listItem","name":"aprender para ser"}}]},{"@type":"Organization","@id":"https:\/\/www.teresalv.com\/centrodeeducacionintegral\/#organization","name":"Centro de Educaci\u00f3n Integral","description":"Otro sitio realizado con WordPress","url":"https:\/\/www.teresalv.com\/centrodeeducacionintegral\/"},{"@type":"Person","@id":"https:\/\/www.teresalv.com\/centrodeeducacionintegral\/author\/teresalv\/#author","url":"https:\/\/www.teresalv.com\/centrodeeducacionintegral\/author\/teresalv\/","name":"teresalv","image":{"@type":"ImageObject","@id":"https:\/\/www.teresalv.com\/centrodeeducacionintegral\/terapia-infantil-gestaltica\/#authorImage","url":"https:\/\/secure.gravatar.com\/avatar\/c7b75383ba1f746757945a23daafd31da5e564d7173cc7790ec1447c581ba32b?s=96&d=mm&r=g","width":96,"height":96,"caption":"teresalv"}},{"@type":"WebPage","@id":"https:\/\/www.teresalv.com\/centrodeeducacionintegral\/terapia-infantil-gestaltica\/#webpage","url":"https:\/\/www.teresalv.com\/centrodeeducacionintegral\/terapia-infantil-gestaltica\/","name":"Terapia Infantil Gest\u00e1ltica | Centro de Educaci\u00f3n Integral","inLanguage":"es-ES","isPartOf":{"@id":"https:\/\/www.teresalv.com\/centrodeeducacionintegral\/#website"},"breadcrumb":{"@id":"https:\/\/www.teresalv.com\/centrodeeducacionintegral\/terapia-infantil-gestaltica\/#breadcrumblist"},"author":{"@id":"https:\/\/www.teresalv.com\/centrodeeducacionintegral\/author\/teresalv\/#author"},"creator":{"@id":"https:\/\/www.teresalv.com\/centrodeeducacionintegral\/author\/teresalv\/#author"},"datePublished":"2009-05-30T16:18:00+00:00","dateModified":"2009-05-30T16:18:00+00:00"},{"@type":"WebSite","@id":"https:\/\/www.teresalv.com\/centrodeeducacionintegral\/#website","url":"https:\/\/www.teresalv.com\/centrodeeducacionintegral\/","name":"Centro de Educaci\u00f3n Integral","description":"Otro sitio realizado con WordPress","inLanguage":"es-ES","publisher":{"@id":"https:\/\/www.teresalv.com\/centrodeeducacionintegral\/#organization"}}]},"og:locale":"es_ES","og:site_name":"Centro de Educaci\u00f3n Integral | Otro sitio realizado con WordPress","og:type":"article","og:title":"Terapia Infantil Gest\u00e1ltica | Centro de Educaci\u00f3n Integral","og:url":"https:\/\/www.teresalv.com\/centrodeeducacionintegral\/terapia-infantil-gestaltica\/","article:published_time":"2009-05-30T16:18:00+00:00","article:modified_time":"2009-05-30T16:18:00+00:00","twitter:card":"summary","twitter:title":"Terapia Infantil Gest\u00e1ltica | Centro de Educaci\u00f3n Integral"},"aioseo_meta_data":{"post_id":"50","title":null,"description":null,"keywords":null,"keyphrases":null,"primary_term":null,"canonical_url":null,"og_title":null,"og_description":null,"og_object_type":"default","og_image_type":"default","og_image_url":null,"og_image_width":null,"og_image_height":null,"og_image_custom_url":null,"og_image_custom_fields":null,"og_video":null,"og_custom_url":null,"og_article_section":null,"og_article_tags":null,"twitter_use_og":false,"twitter_card":"default","twitter_image_type":"default","twitter_image_url":null,"twitter_image_custom_url":null,"twitter_image_custom_fields":null,"twitter_title":null,"twitter_description":null,"schema":{"blockGraphs":[],"customGraphs":[],"default":{"data":{"Article":[],"Course":[],"Dataset":[],"FAQPage":[],"Movie":[],"Person":[],"Product":[],"ProductReview":[],"Car":[],"Recipe":[],"Service":[],"SoftwareApplication":[],"WebPage":[]},"graphName":"","isEnabled":true},"graphs":[],"defaultGraph":"","defaultPostTypeGraph":""},"schema_type":null,"schema_type_options":null,"pillar_content":false,"robots_default":true,"robots_noindex":false,"robots_noarchive":false,"robots_nosnippet":false,"robots_nofollow":false,"robots_noimageindex":false,"robots_noodp":false,"robots_notranslate":false,"robots_max_snippet":null,"robots_max_videopreview":null,"robots_max_imagepreview":"large","priority":null,"frequency":null,"location":null,"local_seo":null,"breadcrumb_settings":null,"limit_modified_date":false,"ai":null,"created":"2021-02-15 18:49:54","updated":"2025-06-23 09:08:20","seo_analyzer_scan_date":null,"focus_keyword":null,"additional_keywords":null,"truseo_locale":null},"aioseo_breadcrumb":"<div class=\"aioseo-breadcrumbs\"><span class=\"aioseo-breadcrumb\">\n\t\t\t<a href=\"https:\/\/www.teresalv.com\/centrodeeducacionintegral\" title=\"Inicio\">Inicio<\/a>\n\t\t<\/span><span class=\"aioseo-breadcrumb-separator\">&raquo;<\/span><span class=\"aioseo-breadcrumb\">\n\t\t\t<a href=\"https:\/\/www.teresalv.com\/centrodeeducacionintegral\/category\/aprender-para-ser\/\" title=\"aprender para ser\">aprender para ser<\/a>\n\t\t<\/span><span class=\"aioseo-breadcrumb-separator\">&raquo;<\/span><span class=\"aioseo-breadcrumb\">\n\t\t\tTerapia Infantil Gest\u00e1ltica\n\t\t<\/span><\/div>","aioseo_breadcrumb_json":[{"label":"Inicio","link":"https:\/\/www.teresalv.com\/centrodeeducacionintegral"},{"label":"aprender para ser","link":"https:\/\/www.teresalv.com\/centrodeeducacionintegral\/category\/aprender-para-ser\/"},{"label":"Terapia Infantil Gest\u00e1ltica","link":"https:\/\/www.teresalv.com\/centrodeeducacionintegral\/terapia-infantil-gestaltica\/"}],"_links":{"self":[{"href":"https:\/\/www.teresalv.com\/centrodeeducacionintegral\/wp-json\/wp\/v2\/posts\/50","targetHints":{"allow":["GET"]}}],"collection":[{"href":"https:\/\/www.teresalv.com\/centrodeeducacionintegral\/wp-json\/wp\/v2\/posts"}],"about":[{"href":"https:\/\/www.teresalv.com\/centrodeeducacionintegral\/wp-json\/wp\/v2\/types\/post"}],"author":[{"embeddable":true,"href":"https:\/\/www.teresalv.com\/centrodeeducacionintegral\/wp-json\/wp\/v2\/users\/1"}],"replies":[{"embeddable":true,"href":"https:\/\/www.teresalv.com\/centrodeeducacionintegral\/wp-json\/wp\/v2\/comments?post=50"}],"version-history":[{"count":0,"href":"https:\/\/www.teresalv.com\/centrodeeducacionintegral\/wp-json\/wp\/v2\/posts\/50\/revisions"}],"wp:attachment":[{"href":"https:\/\/www.teresalv.com\/centrodeeducacionintegral\/wp-json\/wp\/v2\/media?parent=50"}],"wp:term":[{"taxonomy":"category","embeddable":true,"href":"https:\/\/www.teresalv.com\/centrodeeducacionintegral\/wp-json\/wp\/v2\/categories?post=50"},{"taxonomy":"post_tag","embeddable":true,"href":"https:\/\/www.teresalv.com\/centrodeeducacionintegral\/wp-json\/wp\/v2\/tags?post=50"}],"curies":[{"name":"wp","href":"https:\/\/api.w.org\/{rel}","templated":true}]}}