{"id":41,"date":"2009-06-08T23:42:00","date_gmt":"2009-06-08T23:42:00","guid":{"rendered":"http:\/\/www.centroeducacionintegral.es\/pedagogia-waldorf\/"},"modified":"2009-06-08T23:42:00","modified_gmt":"2009-06-08T23:42:00","slug":"pedagogia-waldorf","status":"publish","type":"post","link":"https:\/\/www.teresalv.com\/centrodeeducacionintegral\/pedagogia-waldorf\/","title":{"rendered":"Pedagog\u00eda Waldorf"},"content":{"rendered":"","protected":false},"excerpt":{"rendered":"","protected":false},"author":1,"featured_media":0,"comment_status":"open","ping_status":"open","sticky":false,"template":"","format":"standard","meta":{"footnotes":""},"categories":[5,8],"tags":[],"class_list":["post-41","post","type-post","status-publish","format-standard","hentry","category-aprender-para-ser","category-pedagogia"],"aioseo_notices":[],"aioseo_head":"\n\t\t<!-- All in One SEO 5.0.0.1 - aioseo.com -->\n\t<meta name=\"robots\" content=\"max-image-preview:large\" \/>\n\t<meta name=\"author\" content=\"teresalv\"\/>\n\t<link rel=\"canonical\" href=\"https:\/\/www.teresalv.com\/centrodeeducacionintegral\/pedagogia-waldorf\/\" \/>\n\t<meta name=\"generator\" content=\"All in One SEO (AIOSEO) 5.0.0.1\" \/>\n\t\t<meta property=\"og:locale\" content=\"es_ES\" \/>\n\t\t<meta property=\"og:site_name\" content=\"Centro de Educaci\u00f3n Integral | Otro sitio realizado con WordPress\" \/>\n\t\t<meta property=\"og:type\" content=\"article\" \/>\n\t\t<meta property=\"og:title\" content=\"Pedagog\u00eda Waldorf | Centro de Educaci\u00f3n Integral\" \/>\n\t\t<meta property=\"og:url\" content=\"https:\/\/www.teresalv.com\/centrodeeducacionintegral\/pedagogia-waldorf\/\" \/>\n\t\t<meta property=\"article:published_time\" content=\"2009-06-08T23:42:00+00:00\" \/>\n\t\t<meta property=\"article:modified_time\" content=\"2009-06-08T23:42:00+00:00\" \/>\n\t\t<meta name=\"twitter:card\" content=\"summary\" \/>\n\t\t<meta name=\"twitter:title\" content=\"Pedagog\u00eda Waldorf | Centro de Educaci\u00f3n Integral\" \/>\n\t\t<script type=\"application\/ld+json\" class=\"aioseo-schema\">\n\t\t\t{\"@context\":\"https:\\\/\\\/schema.org\",\"@graph\":[{\"@type\":\"Article\",\"@id\":\"https:\\\/\\\/www.teresalv.com\\\/centrodeeducacionintegral\\\/pedagogia-waldorf\\\/#article\",\"name\":\"Pedagog\\u00eda Waldorf | Centro de Educaci\\u00f3n Integral\",\"headline\":\"Pedagog\\u00eda Waldorf\",\"author\":{\"@id\":\"https:\\\/\\\/www.teresalv.com\\\/centrodeeducacionintegral\\\/author\\\/teresalv\\\/#author\"},\"publisher\":{\"@id\":\"https:\\\/\\\/www.teresalv.com\\\/centrodeeducacionintegral\\\/#organization\"},\"datePublished\":\"2009-06-08T23:42:00+00:00\",\"dateModified\":\"2009-06-08T23:42:00+00:00\",\"inLanguage\":\"es-ES\",\"mainEntityOfPage\":{\"@id\":\"https:\\\/\\\/www.teresalv.com\\\/centrodeeducacionintegral\\\/pedagogia-waldorf\\\/#webpage\"},\"isPartOf\":{\"@id\":\"https:\\\/\\\/www.teresalv.com\\\/centrodeeducacionintegral\\\/pedagogia-waldorf\\\/#webpage\"},\"articleSection\":\"aprender para ser, pedagog\\u00eda\"},{\"@type\":\"BreadcrumbList\",\"@id\":\"https:\\\/\\\/www.teresalv.com\\\/centrodeeducacionintegral\\\/pedagogia-waldorf\\\/#breadcrumblist\",\"itemListElement\":[{\"@type\":\"ListItem\",\"@id\":\"https:\\\/\\\/www.teresalv.com\\\/centrodeeducacionintegral#listItem\",\"position\":1,\"name\":\"Inicio\",\"item\":\"https:\\\/\\\/www.teresalv.com\\\/centrodeeducacionintegral\",\"nextItem\":{\"@type\":\"ListItem\",\"@id\":\"https:\\\/\\\/www.teresalv.com\\\/centrodeeducacionintegral\\\/category\\\/aprender-para-ser\\\/#listItem\",\"name\":\"aprender para ser\"}},{\"@type\":\"ListItem\",\"@id\":\"https:\\\/\\\/www.teresalv.com\\\/centrodeeducacionintegral\\\/category\\\/aprender-para-ser\\\/#listItem\",\"position\":2,\"name\":\"aprender para ser\",\"item\":\"https:\\\/\\\/www.teresalv.com\\\/centrodeeducacionintegral\\\/category\\\/aprender-para-ser\\\/\",\"nextItem\":{\"@type\":\"ListItem\",\"@id\":\"https:\\\/\\\/www.teresalv.com\\\/centrodeeducacionintegral\\\/pedagogia-waldorf\\\/#listItem\",\"name\":\"Pedagog\\u00eda Waldorf\"},\"previousItem\":{\"@type\":\"ListItem\",\"@id\":\"https:\\\/\\\/www.teresalv.com\\\/centrodeeducacionintegral#listItem\",\"name\":\"Inicio\"}},{\"@type\":\"ListItem\",\"@id\":\"https:\\\/\\\/www.teresalv.com\\\/centrodeeducacionintegral\\\/pedagogia-waldorf\\\/#listItem\",\"position\":3,\"name\":\"Pedagog\\u00eda Waldorf\",\"previousItem\":{\"@type\":\"ListItem\",\"@id\":\"https:\\\/\\\/www.teresalv.com\\\/centrodeeducacionintegral\\\/category\\\/aprender-para-ser\\\/#listItem\",\"name\":\"aprender para ser\"}}]},{\"@type\":\"Organization\",\"@id\":\"https:\\\/\\\/www.teresalv.com\\\/centrodeeducacionintegral\\\/#organization\",\"name\":\"Centro de Educaci\\u00f3n Integral\",\"description\":\"Otro sitio realizado con WordPress\",\"url\":\"https:\\\/\\\/www.teresalv.com\\\/centrodeeducacionintegral\\\/\"},{\"@type\":\"Person\",\"@id\":\"https:\\\/\\\/www.teresalv.com\\\/centrodeeducacionintegral\\\/author\\\/teresalv\\\/#author\",\"url\":\"https:\\\/\\\/www.teresalv.com\\\/centrodeeducacionintegral\\\/author\\\/teresalv\\\/\",\"name\":\"teresalv\",\"image\":{\"@type\":\"ImageObject\",\"@id\":\"https:\\\/\\\/www.teresalv.com\\\/centrodeeducacionintegral\\\/pedagogia-waldorf\\\/#authorImage\",\"url\":\"https:\\\/\\\/secure.gravatar.com\\\/avatar\\\/c7b75383ba1f746757945a23daafd31da5e564d7173cc7790ec1447c581ba32b?s=96&d=mm&r=g\",\"width\":96,\"height\":96,\"caption\":\"teresalv\"}},{\"@type\":\"WebPage\",\"@id\":\"https:\\\/\\\/www.teresalv.com\\\/centrodeeducacionintegral\\\/pedagogia-waldorf\\\/#webpage\",\"url\":\"https:\\\/\\\/www.teresalv.com\\\/centrodeeducacionintegral\\\/pedagogia-waldorf\\\/\",\"name\":\"Pedagog\\u00eda Waldorf | Centro de Educaci\\u00f3n Integral\",\"inLanguage\":\"es-ES\",\"isPartOf\":{\"@id\":\"https:\\\/\\\/www.teresalv.com\\\/centrodeeducacionintegral\\\/#website\"},\"breadcrumb\":{\"@id\":\"https:\\\/\\\/www.teresalv.com\\\/centrodeeducacionintegral\\\/pedagogia-waldorf\\\/#breadcrumblist\"},\"author\":{\"@id\":\"https:\\\/\\\/www.teresalv.com\\\/centrodeeducacionintegral\\\/author\\\/teresalv\\\/#author\"},\"creator\":{\"@id\":\"https:\\\/\\\/www.teresalv.com\\\/centrodeeducacionintegral\\\/author\\\/teresalv\\\/#author\"},\"datePublished\":\"2009-06-08T23:42:00+00:00\",\"dateModified\":\"2009-06-08T23:42:00+00:00\"},{\"@type\":\"WebSite\",\"@id\":\"https:\\\/\\\/www.teresalv.com\\\/centrodeeducacionintegral\\\/#website\",\"url\":\"https:\\\/\\\/www.teresalv.com\\\/centrodeeducacionintegral\\\/\",\"name\":\"Centro de Educaci\\u00f3n Integral\",\"description\":\"Otro sitio realizado con WordPress\",\"inLanguage\":\"es-ES\",\"publisher\":{\"@id\":\"https:\\\/\\\/www.teresalv.com\\\/centrodeeducacionintegral\\\/#organization\"}}]}\n\t\t<\/script>\n\t\t<!-- All in One SEO -->\n\n","aioseo_head_json":{"title":"Pedagog\u00eda Waldorf | Centro de Educaci\u00f3n Integral","description":"","canonical_url":"https:\/\/www.teresalv.com\/centrodeeducacionintegral\/pedagogia-waldorf\/","robots":"max-image-preview:large","keywords":"","webmasterTools":{"miscellaneous":""},"schema":{"@context":"https:\/\/schema.org","@graph":[{"@type":"Article","@id":"https:\/\/www.teresalv.com\/centrodeeducacionintegral\/pedagogia-waldorf\/#article","name":"Pedagog\u00eda Waldorf | Centro de Educaci\u00f3n Integral","headline":"Pedagog\u00eda Waldorf","author":{"@id":"https:\/\/www.teresalv.com\/centrodeeducacionintegral\/author\/teresalv\/#author"},"publisher":{"@id":"https:\/\/www.teresalv.com\/centrodeeducacionintegral\/#organization"},"datePublished":"2009-06-08T23:42:00+00:00","dateModified":"2009-06-08T23:42:00+00:00","inLanguage":"es-ES","mainEntityOfPage":{"@id":"https:\/\/www.teresalv.com\/centrodeeducacionintegral\/pedagogia-waldorf\/#webpage"},"isPartOf":{"@id":"https:\/\/www.teresalv.com\/centrodeeducacionintegral\/pedagogia-waldorf\/#webpage"},"articleSection":"aprender para ser, pedagog\u00eda"},{"@type":"BreadcrumbList","@id":"https:\/\/www.teresalv.com\/centrodeeducacionintegral\/pedagogia-waldorf\/#breadcrumblist","itemListElement":[{"@type":"ListItem","@id":"https:\/\/www.teresalv.com\/centrodeeducacionintegral#listItem","position":1,"name":"Inicio","item":"https:\/\/www.teresalv.com\/centrodeeducacionintegral","nextItem":{"@type":"ListItem","@id":"https:\/\/www.teresalv.com\/centrodeeducacionintegral\/category\/aprender-para-ser\/#listItem","name":"aprender para ser"}},{"@type":"ListItem","@id":"https:\/\/www.teresalv.com\/centrodeeducacionintegral\/category\/aprender-para-ser\/#listItem","position":2,"name":"aprender para ser","item":"https:\/\/www.teresalv.com\/centrodeeducacionintegral\/category\/aprender-para-ser\/","nextItem":{"@type":"ListItem","@id":"https:\/\/www.teresalv.com\/centrodeeducacionintegral\/pedagogia-waldorf\/#listItem","name":"Pedagog\u00eda Waldorf"},"previousItem":{"@type":"ListItem","@id":"https:\/\/www.teresalv.com\/centrodeeducacionintegral#listItem","name":"Inicio"}},{"@type":"ListItem","@id":"https:\/\/www.teresalv.com\/centrodeeducacionintegral\/pedagogia-waldorf\/#listItem","position":3,"name":"Pedagog\u00eda Waldorf","previousItem":{"@type":"ListItem","@id":"https:\/\/www.teresalv.com\/centrodeeducacionintegral\/category\/aprender-para-ser\/#listItem","name":"aprender para ser"}}]},{"@type":"Organization","@id":"https:\/\/www.teresalv.com\/centrodeeducacionintegral\/#organization","name":"Centro de Educaci\u00f3n Integral","description":"Otro sitio realizado con WordPress","url":"https:\/\/www.teresalv.com\/centrodeeducacionintegral\/"},{"@type":"Person","@id":"https:\/\/www.teresalv.com\/centrodeeducacionintegral\/author\/teresalv\/#author","url":"https:\/\/www.teresalv.com\/centrodeeducacionintegral\/author\/teresalv\/","name":"teresalv","image":{"@type":"ImageObject","@id":"https:\/\/www.teresalv.com\/centrodeeducacionintegral\/pedagogia-waldorf\/#authorImage","url":"https:\/\/secure.gravatar.com\/avatar\/c7b75383ba1f746757945a23daafd31da5e564d7173cc7790ec1447c581ba32b?s=96&d=mm&r=g","width":96,"height":96,"caption":"teresalv"}},{"@type":"WebPage","@id":"https:\/\/www.teresalv.com\/centrodeeducacionintegral\/pedagogia-waldorf\/#webpage","url":"https:\/\/www.teresalv.com\/centrodeeducacionintegral\/pedagogia-waldorf\/","name":"Pedagog\u00eda Waldorf | Centro de Educaci\u00f3n Integral","inLanguage":"es-ES","isPartOf":{"@id":"https:\/\/www.teresalv.com\/centrodeeducacionintegral\/#website"},"breadcrumb":{"@id":"https:\/\/www.teresalv.com\/centrodeeducacionintegral\/pedagogia-waldorf\/#breadcrumblist"},"author":{"@id":"https:\/\/www.teresalv.com\/centrodeeducacionintegral\/author\/teresalv\/#author"},"creator":{"@id":"https:\/\/www.teresalv.com\/centrodeeducacionintegral\/author\/teresalv\/#author"},"datePublished":"2009-06-08T23:42:00+00:00","dateModified":"2009-06-08T23:42:00+00:00"},{"@type":"WebSite","@id":"https:\/\/www.teresalv.com\/centrodeeducacionintegral\/#website","url":"https:\/\/www.teresalv.com\/centrodeeducacionintegral\/","name":"Centro de Educaci\u00f3n Integral","description":"Otro sitio realizado con WordPress","inLanguage":"es-ES","publisher":{"@id":"https:\/\/www.teresalv.com\/centrodeeducacionintegral\/#organization"}}]},"og:locale":"es_ES","og:site_name":"Centro de Educaci\u00f3n Integral | Otro sitio realizado con WordPress","og:type":"article","og:title":"Pedagog\u00eda Waldorf | Centro de Educaci\u00f3n Integral","og:url":"https:\/\/www.teresalv.com\/centrodeeducacionintegral\/pedagogia-waldorf\/","article:published_time":"2009-06-08T23:42:00+00:00","article:modified_time":"2009-06-08T23:42:00+00:00","twitter:card":"summary","twitter:title":"Pedagog\u00eda Waldorf | Centro de Educaci\u00f3n Integral"},"aioseo_meta_data":{"post_id":"41","title":null,"description":null,"keywords":null,"keyphrases":null,"primary_term":null,"canonical_url":null,"og_title":null,"og_description":null,"og_object_type":"default","og_image_type":"default","og_image_url":null,"og_image_width":null,"og_image_height":null,"og_image_custom_url":null,"og_image_custom_fields":null,"og_video":null,"og_custom_url":null,"og_article_section":null,"og_article_tags":null,"twitter_use_og":false,"twitter_card":"default","twitter_image_type":"default","twitter_image_url":null,"twitter_image_custom_url":null,"twitter_image_custom_fields":null,"twitter_title":null,"twitter_description":null,"schema":{"blockGraphs":[],"customGraphs":[],"default":{"data":{"Article":[],"Course":[],"Dataset":[],"FAQPage":[],"Movie":[],"Person":[],"Product":[],"ProductReview":[],"Car":[],"Recipe":[],"Service":[],"SoftwareApplication":[],"WebPage":[]},"graphName":"","isEnabled":true},"graphs":[],"defaultGraph":"","defaultPostTypeGraph":""},"schema_type":null,"schema_type_options":null,"pillar_content":false,"robots_default":true,"robots_noindex":false,"robots_noarchive":false,"robots_nosnippet":false,"robots_nofollow":false,"robots_noimageindex":false,"robots_noodp":false,"robots_notranslate":false,"robots_max_snippet":null,"robots_max_videopreview":null,"robots_max_imagepreview":"large","priority":null,"frequency":null,"location":null,"local_seo":null,"breadcrumb_settings":null,"limit_modified_date":false,"ai":null,"created":"2021-02-15 18:49:54","updated":"2025-06-23 09:53:10","seo_analyzer_scan_date":null,"focus_keyword":null,"additional_keywords":null,"truseo_locale":null},"aioseo_breadcrumb":"<div class=\"aioseo-breadcrumbs\"><span class=\"aioseo-breadcrumb\">\n\t\t\t<a href=\"https:\/\/www.teresalv.com\/centrodeeducacionintegral\" title=\"Inicio\">Inicio<\/a>\n\t\t<\/span><span class=\"aioseo-breadcrumb-separator\">&raquo;<\/span><span class=\"aioseo-breadcrumb\">\n\t\t\t<a href=\"https:\/\/www.teresalv.com\/centrodeeducacionintegral\/category\/aprender-para-ser\/\" title=\"aprender para ser\">aprender para ser<\/a>\n\t\t<\/span><span class=\"aioseo-breadcrumb-separator\">&raquo;<\/span><span class=\"aioseo-breadcrumb\">\n\t\t\tPedagog\u00eda Waldorf\n\t\t<\/span><\/div>","aioseo_breadcrumb_json":[{"label":"Inicio","link":"https:\/\/www.teresalv.com\/centrodeeducacionintegral"},{"label":"aprender para ser","link":"https:\/\/www.teresalv.com\/centrodeeducacionintegral\/category\/aprender-para-ser\/"},{"label":"Pedagog\u00eda Waldorf","link":"https:\/\/www.teresalv.com\/centrodeeducacionintegral\/pedagogia-waldorf\/"}],"_links":{"self":[{"href":"https:\/\/www.teresalv.com\/centrodeeducacionintegral\/wp-json\/wp\/v2\/posts\/41","targetHints":{"allow":["GET"]}}],"collection":[{"href":"https:\/\/www.teresalv.com\/centrodeeducacionintegral\/wp-json\/wp\/v2\/posts"}],"about":[{"href":"https:\/\/www.teresalv.com\/centrodeeducacionintegral\/wp-json\/wp\/v2\/types\/post"}],"author":[{"embeddable":true,"href":"https:\/\/www.teresalv.com\/centrodeeducacionintegral\/wp-json\/wp\/v2\/users\/1"}],"replies":[{"embeddable":true,"href":"https:\/\/www.teresalv.com\/centrodeeducacionintegral\/wp-json\/wp\/v2\/comments?post=41"}],"version-history":[{"count":0,"href":"https:\/\/www.teresalv.com\/centrodeeducacionintegral\/wp-json\/wp\/v2\/posts\/41\/revisions"}],"wp:attachment":[{"href":"https:\/\/www.teresalv.com\/centrodeeducacionintegral\/wp-json\/wp\/v2\/media?parent=41"}],"wp:term":[{"taxonomy":"category","embeddable":true,"href":"https:\/\/www.teresalv.com\/centrodeeducacionintegral\/wp-json\/wp\/v2\/categories?post=41"},{"taxonomy":"post_tag","embeddable":true,"href":"https:\/\/www.teresalv.com\/centrodeeducacionintegral\/wp-json\/wp\/v2\/tags?post=41"}],"curies":[{"name":"wp","href":"https:\/\/api.w.org\/{rel}","templated":true}]}}