{"id":32,"date":"2009-06-10T08:30:00","date_gmt":"2009-06-10T08:30:00","guid":{"rendered":"http:\/\/www.centroeducacionintegral.es\/violencia-en-las-aulas\/"},"modified":"2009-06-10T08:30:00","modified_gmt":"2009-06-10T08:30:00","slug":"violencia-en-las-aulas","status":"publish","type":"post","link":"https:\/\/www.teresalv.com\/centrodeeducacionintegral\/violencia-en-las-aulas\/","title":{"rendered":"Violencia en las aulas"},"content":{"rendered":"<div><a href=\"http:\/\/1.bp.blogspot.com\/_mkcLJTO0tnY\/Si744fCbNcI\/AAAAAAAAAEg\/pgj9ycPzDnQ\/s1600-h\/bullyng-violencia.png\"><img decoding=\"async\" alt=\"\" border=\"0\" src=\"http:\/\/1.bp.blogspot.com\/_mkcLJTO0tnY\/Si744fCbNcI\/AAAAAAAAAEg\/pgj9ycPzDnQ\/s200\/bullyng-violencia.png\"><\/a>La <span>ra\u00edz<\/span> del problema de la violencia est\u00e1 <span>clar\u00edsimamente<\/span> se\u00f1alado por <span>Gardner<\/span>, en su <span>teor\u00eda de las inteligencias m\u00faltiples<\/span>, al recordar que la inteligencia <span>interpersonal<\/span>, la que necesitamos para relacionarnos bien, est\u00e1 en los l\u00f3bulos <span>prefrontales<\/span>, en la parte de nuestro cerebro que ha sido la \u00faltima en desarrollarse en la evoluci\u00f3n. [&#8230;]<\/div>\n<div>La soluci\u00f3n de ra\u00edz es ense\u00f1arles a relacionarse <span>asertivamente<\/span>, es decir, con <span>eficacia <\/span>y <span>justicia<\/span>.<\/p>\n<p>Todos los expertos, tanto profesionales de la educaci\u00f3n como de la psicolog\u00eda, est\u00e1n de acuerdo, en que para relacionarnos bien necesitamos <span>saber pensar<\/span>, necesitamos <span>r<span>econocer<\/span> y gestionar nuestros sentimientos<\/span> y necesitamos <span>haber adquirido los valores morales b\u00e1sicos<\/span>. Estos tres factores, el cognitivo, el emocional y el moral, nos llevar\u00e1n infaliblemente a relacionarnos con los dem\u00e1s <span>asertivamente<\/span>, es decir, con eficacia y justicia. <span>Eficacia<\/span> es un concepto cognitivo: saber distinguir, entre varias alternativas, cu\u00e1l es la mejor para lo que intentamos conseguir, cu\u00e1l es la que producir\u00e1 esa consecuencia eficaz que buscamos. En cambio, <span>justicia<\/span> es un concepto moral: entre las diversas alternativas, ser\u00e1 justa la que no lesione los derechos ni la dignidad de otros. Actuar con eficacia y justicia es actuar humanamente, como persona, no como un bobo (<span>ineficacia<\/span>), no como un bruto (injusticia). [&#8230;]<\/p>\n<p>En esto hay acuerdo de todas las partes, pero al dise\u00f1ar programas educativos concretos, unos expertos han subrayado lo cognitivo, otros lo emocional, otros lo moral y otros incluso han querido llegar directamente a la <span>asertividad<\/span>, sin entrenar previamente en los tres campos anteriores.<\/p>\n<p>[&#8230;] podemos afirmar con fuerza que para <span>formar personas<\/span> necesitamos educar a los j\u00f3venes y a lo adultos en ese triple campo mencionado: el <span>cognitivo<\/span>, el <span>emocional<\/span> y el <span>moral<\/span>. S\u00f3lo lo cognitivo no basta; s\u00f3lo lo emocional no basta; s\u00f3lo lo moral no basta. Hacen falta los tres. Si conseguimos educar bien en los tres, entonces las <span>habilidades sociales<\/span>, entendidas como <span>asertividad<\/span>, es decir como eficacia y justicia, fluir\u00e1n sin esfuerzo.<\/p>\n<p><span>Lee el art\u00edculo completo:<\/span> <a href=\"http:\/\/www.edu.gva.es\/eva\/docs\/programas_exp\/biografia_biblio_m_segura.pdf\">SEGURA MORALES, Manuel<\/a><a href=\"http:\/\/www.edu.gva.es\/eva\/docs\/programas_exp\/biografia_biblio_m_segura.pdf\">:<\/a> <a href=\"http:\/\/www.deciencias.net\/convivir\/congresos\/Disrupcion_aulas%28Madrid-2006%29\/manuel_segura2.pdf\">\u00abEnse\u00f1ar a convivir no es tan dif\u00edcil\u00bb. Ponencia presentada en el Congreso \u00ab<span>Disrupci\u00f3n<\/span> en las Aulas: Problemas y soluciones\u00bb, celebrado en el Hotel <span>Meli\u00e1<\/span> Castilla y organizado por el <span>MEC<\/span> en Marzo de 2006 en Madrid.<\/a><\/div>\n","protected":false},"excerpt":{"rendered":"<p>La ra&iacute;z del problema de la violencia est&aacute; clar&iacute;simamente se&ntilde;alado por Gardner, en su teor&iacute;a de las inteligencias m&uacute;ltiples, al recordar que la inteligencia interpersonal, la que necesitamos para relacionarnos bien, est&aacute; en los l&oacute;bulos prefrontales, en la parte de &hellip; <a href=\"https:\/\/www.teresalv.com\/centrodeeducacionintegral\/violencia-en-las-aulas\/\">Sigue leyendo <span class=\"meta-nav\">&rarr;<\/span><\/a><\/p>\n","protected":false},"author":1,"featured_media":0,"comment_status":"open","ping_status":"open","sticky":false,"template":"","format":"standard","meta":{"footnotes":""},"categories":[5,3,4,13],"tags":[],"class_list":["post-32","post","type-post","status-publish","format-standard","hentry","category-aprender-para-ser","category-convivencia","category-educacion-emocional","category-orientacion"],"aioseo_notices":[],"aioseo_head":"\n\t\t<!-- All in One SEO 5.0.0.1 - aioseo.com -->\n\t<meta name=\"robots\" content=\"max-image-preview:large\" \/>\n\t<meta name=\"author\" content=\"teresalv\"\/>\n\t<link rel=\"canonical\" href=\"https:\/\/www.teresalv.com\/centrodeeducacionintegral\/violencia-en-las-aulas\/\" \/>\n\t<meta name=\"generator\" content=\"All in One SEO (AIOSEO) 5.0.0.1\" \/>\n\t\t<meta property=\"og:locale\" content=\"es_ES\" \/>\n\t\t<meta property=\"og:site_name\" content=\"Centro de Educaci\u00f3n Integral | Otro sitio realizado con WordPress\" \/>\n\t\t<meta property=\"og:type\" content=\"article\" \/>\n\t\t<meta property=\"og:title\" content=\"Violencia en las aulas | Centro de Educaci\u00f3n Integral\" \/>\n\t\t<meta property=\"og:url\" content=\"https:\/\/www.teresalv.com\/centrodeeducacionintegral\/violencia-en-las-aulas\/\" \/>\n\t\t<meta property=\"article:published_time\" content=\"2009-06-10T08:30:00+00:00\" \/>\n\t\t<meta property=\"article:modified_time\" content=\"2009-06-10T08:30:00+00:00\" \/>\n\t\t<meta name=\"twitter:card\" content=\"summary\" \/>\n\t\t<meta name=\"twitter:title\" content=\"Violencia en las aulas | Centro de Educaci\u00f3n Integral\" \/>\n\t\t<script type=\"application\/ld+json\" class=\"aioseo-schema\">\n\t\t\t{\"@context\":\"https:\\\/\\\/schema.org\",\"@graph\":[{\"@type\":\"Article\",\"@id\":\"https:\\\/\\\/www.teresalv.com\\\/centrodeeducacionintegral\\\/violencia-en-las-aulas\\\/#article\",\"name\":\"Violencia en las aulas | Centro de Educaci\\u00f3n Integral\",\"headline\":\"Violencia en las aulas\",\"author\":{\"@id\":\"https:\\\/\\\/www.teresalv.com\\\/centrodeeducacionintegral\\\/author\\\/teresalv\\\/#author\"},\"publisher\":{\"@id\":\"https:\\\/\\\/www.teresalv.com\\\/centrodeeducacionintegral\\\/#organization\"},\"image\":{\"@type\":\"ImageObject\",\"url\":\"http:\\\/\\\/1.bp.blogspot.com\\\/_mkcLJTO0tnY\\\/Si744fCbNcI\\\/AAAAAAAAAEg\\\/pgj9ycPzDnQ\\\/s200\\\/bullyng-violencia.png\",\"@id\":\"https:\\\/\\\/www.teresalv.com\\\/centrodeeducacionintegral\\\/violencia-en-las-aulas\\\/#articleImage\"},\"datePublished\":\"2009-06-10T08:30:00+00:00\",\"dateModified\":\"2009-06-10T08:30:00+00:00\",\"inLanguage\":\"es-ES\",\"mainEntityOfPage\":{\"@id\":\"https:\\\/\\\/www.teresalv.com\\\/centrodeeducacionintegral\\\/violencia-en-las-aulas\\\/#webpage\"},\"isPartOf\":{\"@id\":\"https:\\\/\\\/www.teresalv.com\\\/centrodeeducacionintegral\\\/violencia-en-las-aulas\\\/#webpage\"},\"articleSection\":\"aprender para ser, convivencia, educaci\\u00f3n emocional, orientaci\\u00f3n\"},{\"@type\":\"BreadcrumbList\",\"@id\":\"https:\\\/\\\/www.teresalv.com\\\/centrodeeducacionintegral\\\/violencia-en-las-aulas\\\/#breadcrumblist\",\"itemListElement\":[{\"@type\":\"ListItem\",\"@id\":\"https:\\\/\\\/www.teresalv.com\\\/centrodeeducacionintegral#listItem\",\"position\":1,\"name\":\"Inicio\",\"item\":\"https:\\\/\\\/www.teresalv.com\\\/centrodeeducacionintegral\",\"nextItem\":{\"@type\":\"ListItem\",\"@id\":\"https:\\\/\\\/www.teresalv.com\\\/centrodeeducacionintegral\\\/category\\\/convivencia\\\/#listItem\",\"name\":\"convivencia\"}},{\"@type\":\"ListItem\",\"@id\":\"https:\\\/\\\/www.teresalv.com\\\/centrodeeducacionintegral\\\/category\\\/convivencia\\\/#listItem\",\"position\":2,\"name\":\"convivencia\",\"item\":\"https:\\\/\\\/www.teresalv.com\\\/centrodeeducacionintegral\\\/category\\\/convivencia\\\/\",\"nextItem\":{\"@type\":\"ListItem\",\"@id\":\"https:\\\/\\\/www.teresalv.com\\\/centrodeeducacionintegral\\\/violencia-en-las-aulas\\\/#listItem\",\"name\":\"Violencia en las aulas\"},\"previousItem\":{\"@type\":\"ListItem\",\"@id\":\"https:\\\/\\\/www.teresalv.com\\\/centrodeeducacionintegral#listItem\",\"name\":\"Inicio\"}},{\"@type\":\"ListItem\",\"@id\":\"https:\\\/\\\/www.teresalv.com\\\/centrodeeducacionintegral\\\/violencia-en-las-aulas\\\/#listItem\",\"position\":3,\"name\":\"Violencia en las aulas\",\"previousItem\":{\"@type\":\"ListItem\",\"@id\":\"https:\\\/\\\/www.teresalv.com\\\/centrodeeducacionintegral\\\/category\\\/convivencia\\\/#listItem\",\"name\":\"convivencia\"}}]},{\"@type\":\"Organization\",\"@id\":\"https:\\\/\\\/www.teresalv.com\\\/centrodeeducacionintegral\\\/#organization\",\"name\":\"Centro de Educaci\\u00f3n Integral\",\"description\":\"Otro sitio realizado con WordPress\",\"url\":\"https:\\\/\\\/www.teresalv.com\\\/centrodeeducacionintegral\\\/\"},{\"@type\":\"Person\",\"@id\":\"https:\\\/\\\/www.teresalv.com\\\/centrodeeducacionintegral\\\/author\\\/teresalv\\\/#author\",\"url\":\"https:\\\/\\\/www.teresalv.com\\\/centrodeeducacionintegral\\\/author\\\/teresalv\\\/\",\"name\":\"teresalv\",\"image\":{\"@type\":\"ImageObject\",\"@id\":\"https:\\\/\\\/www.teresalv.com\\\/centrodeeducacionintegral\\\/violencia-en-las-aulas\\\/#authorImage\",\"url\":\"https:\\\/\\\/secure.gravatar.com\\\/avatar\\\/c7b75383ba1f746757945a23daafd31da5e564d7173cc7790ec1447c581ba32b?s=96&d=mm&r=g\",\"width\":96,\"height\":96,\"caption\":\"teresalv\"}},{\"@type\":\"WebPage\",\"@id\":\"https:\\\/\\\/www.teresalv.com\\\/centrodeeducacionintegral\\\/violencia-en-las-aulas\\\/#webpage\",\"url\":\"https:\\\/\\\/www.teresalv.com\\\/centrodeeducacionintegral\\\/violencia-en-las-aulas\\\/\",\"name\":\"Violencia en las aulas | Centro de Educaci\\u00f3n Integral\",\"inLanguage\":\"es-ES\",\"isPartOf\":{\"@id\":\"https:\\\/\\\/www.teresalv.com\\\/centrodeeducacionintegral\\\/#website\"},\"breadcrumb\":{\"@id\":\"https:\\\/\\\/www.teresalv.com\\\/centrodeeducacionintegral\\\/violencia-en-las-aulas\\\/#breadcrumblist\"},\"author\":{\"@id\":\"https:\\\/\\\/www.teresalv.com\\\/centrodeeducacionintegral\\\/author\\\/teresalv\\\/#author\"},\"creator\":{\"@id\":\"https:\\\/\\\/www.teresalv.com\\\/centrodeeducacionintegral\\\/author\\\/teresalv\\\/#author\"},\"datePublished\":\"2009-06-10T08:30:00+00:00\",\"dateModified\":\"2009-06-10T08:30:00+00:00\"},{\"@type\":\"WebSite\",\"@id\":\"https:\\\/\\\/www.teresalv.com\\\/centrodeeducacionintegral\\\/#website\",\"url\":\"https:\\\/\\\/www.teresalv.com\\\/centrodeeducacionintegral\\\/\",\"name\":\"Centro de Educaci\\u00f3n Integral\",\"description\":\"Otro sitio realizado con WordPress\",\"inLanguage\":\"es-ES\",\"publisher\":{\"@id\":\"https:\\\/\\\/www.teresalv.com\\\/centrodeeducacionintegral\\\/#organization\"}}]}\n\t\t<\/script>\n\t\t<!-- All in One SEO -->\n\n","aioseo_head_json":{"title":"Violencia en las aulas | Centro de Educaci\u00f3n Integral","description":"","canonical_url":"https:\/\/www.teresalv.com\/centrodeeducacionintegral\/violencia-en-las-aulas\/","robots":"max-image-preview:large","keywords":"","webmasterTools":{"miscellaneous":""},"schema":{"@context":"https:\/\/schema.org","@graph":[{"@type":"Article","@id":"https:\/\/www.teresalv.com\/centrodeeducacionintegral\/violencia-en-las-aulas\/#article","name":"Violencia en las aulas | Centro de Educaci\u00f3n Integral","headline":"Violencia en las aulas","author":{"@id":"https:\/\/www.teresalv.com\/centrodeeducacionintegral\/author\/teresalv\/#author"},"publisher":{"@id":"https:\/\/www.teresalv.com\/centrodeeducacionintegral\/#organization"},"image":{"@type":"ImageObject","url":"http:\/\/1.bp.blogspot.com\/_mkcLJTO0tnY\/Si744fCbNcI\/AAAAAAAAAEg\/pgj9ycPzDnQ\/s200\/bullyng-violencia.png","@id":"https:\/\/www.teresalv.com\/centrodeeducacionintegral\/violencia-en-las-aulas\/#articleImage"},"datePublished":"2009-06-10T08:30:00+00:00","dateModified":"2009-06-10T08:30:00+00:00","inLanguage":"es-ES","mainEntityOfPage":{"@id":"https:\/\/www.teresalv.com\/centrodeeducacionintegral\/violencia-en-las-aulas\/#webpage"},"isPartOf":{"@id":"https:\/\/www.teresalv.com\/centrodeeducacionintegral\/violencia-en-las-aulas\/#webpage"},"articleSection":"aprender para ser, convivencia, educaci\u00f3n emocional, orientaci\u00f3n"},{"@type":"BreadcrumbList","@id":"https:\/\/www.teresalv.com\/centrodeeducacionintegral\/violencia-en-las-aulas\/#breadcrumblist","itemListElement":[{"@type":"ListItem","@id":"https:\/\/www.teresalv.com\/centrodeeducacionintegral#listItem","position":1,"name":"Inicio","item":"https:\/\/www.teresalv.com\/centrodeeducacionintegral","nextItem":{"@type":"ListItem","@id":"https:\/\/www.teresalv.com\/centrodeeducacionintegral\/category\/convivencia\/#listItem","name":"convivencia"}},{"@type":"ListItem","@id":"https:\/\/www.teresalv.com\/centrodeeducacionintegral\/category\/convivencia\/#listItem","position":2,"name":"convivencia","item":"https:\/\/www.teresalv.com\/centrodeeducacionintegral\/category\/convivencia\/","nextItem":{"@type":"ListItem","@id":"https:\/\/www.teresalv.com\/centrodeeducacionintegral\/violencia-en-las-aulas\/#listItem","name":"Violencia en las aulas"},"previousItem":{"@type":"ListItem","@id":"https:\/\/www.teresalv.com\/centrodeeducacionintegral#listItem","name":"Inicio"}},{"@type":"ListItem","@id":"https:\/\/www.teresalv.com\/centrodeeducacionintegral\/violencia-en-las-aulas\/#listItem","position":3,"name":"Violencia en las aulas","previousItem":{"@type":"ListItem","@id":"https:\/\/www.teresalv.com\/centrodeeducacionintegral\/category\/convivencia\/#listItem","name":"convivencia"}}]},{"@type":"Organization","@id":"https:\/\/www.teresalv.com\/centrodeeducacionintegral\/#organization","name":"Centro de Educaci\u00f3n Integral","description":"Otro sitio realizado con WordPress","url":"https:\/\/www.teresalv.com\/centrodeeducacionintegral\/"},{"@type":"Person","@id":"https:\/\/www.teresalv.com\/centrodeeducacionintegral\/author\/teresalv\/#author","url":"https:\/\/www.teresalv.com\/centrodeeducacionintegral\/author\/teresalv\/","name":"teresalv","image":{"@type":"ImageObject","@id":"https:\/\/www.teresalv.com\/centrodeeducacionintegral\/violencia-en-las-aulas\/#authorImage","url":"https:\/\/secure.gravatar.com\/avatar\/c7b75383ba1f746757945a23daafd31da5e564d7173cc7790ec1447c581ba32b?s=96&d=mm&r=g","width":96,"height":96,"caption":"teresalv"}},{"@type":"WebPage","@id":"https:\/\/www.teresalv.com\/centrodeeducacionintegral\/violencia-en-las-aulas\/#webpage","url":"https:\/\/www.teresalv.com\/centrodeeducacionintegral\/violencia-en-las-aulas\/","name":"Violencia en las aulas | Centro de Educaci\u00f3n Integral","inLanguage":"es-ES","isPartOf":{"@id":"https:\/\/www.teresalv.com\/centrodeeducacionintegral\/#website"},"breadcrumb":{"@id":"https:\/\/www.teresalv.com\/centrodeeducacionintegral\/violencia-en-las-aulas\/#breadcrumblist"},"author":{"@id":"https:\/\/www.teresalv.com\/centrodeeducacionintegral\/author\/teresalv\/#author"},"creator":{"@id":"https:\/\/www.teresalv.com\/centrodeeducacionintegral\/author\/teresalv\/#author"},"datePublished":"2009-06-10T08:30:00+00:00","dateModified":"2009-06-10T08:30:00+00:00"},{"@type":"WebSite","@id":"https:\/\/www.teresalv.com\/centrodeeducacionintegral\/#website","url":"https:\/\/www.teresalv.com\/centrodeeducacionintegral\/","name":"Centro de Educaci\u00f3n Integral","description":"Otro sitio realizado con WordPress","inLanguage":"es-ES","publisher":{"@id":"https:\/\/www.teresalv.com\/centrodeeducacionintegral\/#organization"}}]},"og:locale":"es_ES","og:site_name":"Centro de Educaci\u00f3n Integral | Otro sitio realizado con WordPress","og:type":"article","og:title":"Violencia en las aulas | Centro de Educaci\u00f3n Integral","og:url":"https:\/\/www.teresalv.com\/centrodeeducacionintegral\/violencia-en-las-aulas\/","article:published_time":"2009-06-10T08:30:00+00:00","article:modified_time":"2009-06-10T08:30:00+00:00","twitter:card":"summary","twitter:title":"Violencia en las aulas | Centro de Educaci\u00f3n Integral"},"aioseo_meta_data":{"post_id":"32","title":null,"description":null,"keywords":null,"keyphrases":null,"primary_term":null,"canonical_url":null,"og_title":null,"og_description":null,"og_object_type":"default","og_image_type":"default","og_image_url":null,"og_image_width":null,"og_image_height":null,"og_image_custom_url":null,"og_image_custom_fields":null,"og_video":null,"og_custom_url":null,"og_article_section":null,"og_article_tags":null,"twitter_use_og":false,"twitter_card":"default","twitter_image_type":"default","twitter_image_url":null,"twitter_image_custom_url":null,"twitter_image_custom_fields":null,"twitter_title":null,"twitter_description":null,"schema":{"blockGraphs":[],"customGraphs":[],"default":{"data":{"Article":[],"Course":[],"Dataset":[],"FAQPage":[],"Movie":[],"Person":[],"Product":[],"ProductReview":[],"Car":[],"Recipe":[],"Service":[],"SoftwareApplication":[],"WebPage":[]},"graphName":"","isEnabled":true},"graphs":[],"defaultGraph":"","defaultPostTypeGraph":""},"schema_type":null,"schema_type_options":null,"pillar_content":false,"robots_default":true,"robots_noindex":false,"robots_noarchive":false,"robots_nosnippet":false,"robots_nofollow":false,"robots_noimageindex":false,"robots_noodp":false,"robots_notranslate":false,"robots_max_snippet":null,"robots_max_videopreview":null,"robots_max_imagepreview":"large","priority":null,"frequency":null,"location":null,"local_seo":null,"breadcrumb_settings":null,"limit_modified_date":false,"ai":null,"created":"2021-02-15 18:49:54","updated":"2025-06-23 12:35:20","seo_analyzer_scan_date":null,"focus_keyword":null,"additional_keywords":null,"truseo_locale":null},"aioseo_breadcrumb":"<div class=\"aioseo-breadcrumbs\"><span class=\"aioseo-breadcrumb\">\n\t\t\t<a href=\"https:\/\/www.teresalv.com\/centrodeeducacionintegral\" title=\"Inicio\">Inicio<\/a>\n\t\t<\/span><span class=\"aioseo-breadcrumb-separator\">&raquo;<\/span><span class=\"aioseo-breadcrumb\">\n\t\t\t<a href=\"https:\/\/www.teresalv.com\/centrodeeducacionintegral\/category\/convivencia\/\" title=\"convivencia\">convivencia<\/a>\n\t\t<\/span><span class=\"aioseo-breadcrumb-separator\">&raquo;<\/span><span class=\"aioseo-breadcrumb\">\n\t\t\tViolencia en las aulas\n\t\t<\/span><\/div>","aioseo_breadcrumb_json":[{"label":"Inicio","link":"https:\/\/www.teresalv.com\/centrodeeducacionintegral"},{"label":"convivencia","link":"https:\/\/www.teresalv.com\/centrodeeducacionintegral\/category\/convivencia\/"},{"label":"Violencia en las aulas","link":"https:\/\/www.teresalv.com\/centrodeeducacionintegral\/violencia-en-las-aulas\/"}],"_links":{"self":[{"href":"https:\/\/www.teresalv.com\/centrodeeducacionintegral\/wp-json\/wp\/v2\/posts\/32","targetHints":{"allow":["GET"]}}],"collection":[{"href":"https:\/\/www.teresalv.com\/centrodeeducacionintegral\/wp-json\/wp\/v2\/posts"}],"about":[{"href":"https:\/\/www.teresalv.com\/centrodeeducacionintegral\/wp-json\/wp\/v2\/types\/post"}],"author":[{"embeddable":true,"href":"https:\/\/www.teresalv.com\/centrodeeducacionintegral\/wp-json\/wp\/v2\/users\/1"}],"replies":[{"embeddable":true,"href":"https:\/\/www.teresalv.com\/centrodeeducacionintegral\/wp-json\/wp\/v2\/comments?post=32"}],"version-history":[{"count":0,"href":"https:\/\/www.teresalv.com\/centrodeeducacionintegral\/wp-json\/wp\/v2\/posts\/32\/revisions"}],"wp:attachment":[{"href":"https:\/\/www.teresalv.com\/centrodeeducacionintegral\/wp-json\/wp\/v2\/media?parent=32"}],"wp:term":[{"taxonomy":"category","embeddable":true,"href":"https:\/\/www.teresalv.com\/centrodeeducacionintegral\/wp-json\/wp\/v2\/categories?post=32"},{"taxonomy":"post_tag","embeddable":true,"href":"https:\/\/www.teresalv.com\/centrodeeducacionintegral\/wp-json\/wp\/v2\/tags?post=32"}],"curies":[{"name":"wp","href":"https:\/\/api.w.org\/{rel}","templated":true}]}}