{"id":31,"date":"2009-06-15T10:26:00","date_gmt":"2009-06-15T10:26:00","guid":{"rendered":"http:\/\/www.centroeducacionintegral.es\/disortografia\/"},"modified":"2009-06-15T10:26:00","modified_gmt":"2009-06-15T10:26:00","slug":"disortografia","status":"publish","type":"post","link":"https:\/\/www.teresalv.com\/centrodeeducacionintegral\/disortografia\/","title":{"rendered":"Disortograf\u00eda"},"content":{"rendered":"<div><a href=\"http:\/\/3.bp.blogspot.com\/_mkcLJTO0tnY\/SjYo9JB-mgI\/AAAAAAAAAEw\/E52MuWY0oqs\/s1600-h\/lectoescritura-1.jpg\"><img decoding=\"async\" src=\"http:\/\/3.bp.blogspot.com\/_mkcLJTO0tnY\/SjYo9JB-mgI\/AAAAAAAAAEw\/E52MuWY0oqs\/s200\/lectoescritura-1.jpg\" alt=\"\" border=\"0\"><\/a>La escritura es un aprendizaje muy complejo que el ni\u00f1o va a realizar en los primeros a\u00f1os escolares. Frecuentemente las dificultades en este \u00e1rea estar\u00e1n asociadas con la dificultades de aprendizaje de la <span>lecto<\/span>-escritura, aunque pueden darse de forma totalmente independiente.<\/div>\n<div>Podemos encontrarnos con dos tipos fundamentales de trastornos de la escritura:<\/p>\n<ul>\n<li><span><a href=\"http:\/\/mami-logopeda.blogspot.com\/2008\/10\/disgrafa.html\"><span>Disgraf\u00eda<\/span><\/a>:<\/span> alteraci\u00f3n de la escritura debido a trastornos perceptivo-motrices.<\/li>\n<li><span><span>Disortograf\u00eda<\/span>:<\/span> escritura con numerosas faltas ortogr\u00e1ficas una vez adquirido el aprendizaje de la lectura y la escritura.<\/li>\n<\/ul>\n<p>Nos vamos a centrar en la segunda <span>(pinchando en el nombre de la primera puedes encontrar m\u00e1s informaci\u00f3n sobre \u00e9sta)<\/span>. La <span>disortograf\u00eda<\/span> puede estar ocasionada por:<\/p>\n<ul>\n<li>Error en la percepci\u00f3n visual y auditiva.<\/li>\n<li>Falta de atenci\u00f3n.<\/li>\n<li>Errores en el <span>lenguaje<\/span>, caracterizados por alteraciones <span>ling\u00fc\u00edsticas<\/span>, retraso madurativo y un bajo nivel verbal.<\/li>\n<\/ul>\n<p>\u00c9sto supone serias dificultades a la hora de respetar la estructuraci\u00f3n gramatical del lenguaje, es decir, en sus escritos se observan faltas de ortograf\u00eda en palabras que son familiares, omisiones o cambios en art\u00edculos y acentos. En los casos m\u00e1s graves pueden aparecer omisiones de silabas completas, cambios de letras o confusi\u00f3n entre ellas. Estas alteraciones suelen estar asociadas a dificultades de aprendizaje <span>lecto<\/span>-escritor.<\/p>\n<p><span>Ajuriaguerra<\/span> indica los diversos estudios que hay sobre \u00e9sta problem\u00e1tica, especialmente por S. <span>Borel<\/span>&#8211;<span>Maisonny<\/span>, J. Vial,  que consideran diversos tipos de faltas: faltas de lectura, de separaci\u00f3n, por no saber distinguir los elementos de la frase, faltas sint\u00e1cticas y de reglas, y faltas de uso.<\/p>\n<p>Parece que m\u00e1s del 80% de la ortograf\u00eda de las palabras se aprende a trav\u00e9s del sentido de la vista.<\/p>\n<p>Dada la importancia del canal visual para el aprendizaje de la ortograf\u00eda parece muy recomendable plantear al alumnado con estas <span>caracter\u00edsticas<\/span> de aprendizaje actividades para que mejore la memoria visual de la ortograf\u00eda.<\/p>\n<p>Una actividad muy \u00fatil es la de escribir una palabra en may\u00fasculas, con cada una de sus letras de un color diferente. Por ejemplo:<\/p>\n<div><span><span><\/span><\/span><\/div>\n<blockquote>\n<div><span><span>H <\/span><span>A <\/span><span>B <\/span>L <span>A <\/span><span>R<\/span><\/span><\/div>\n<\/blockquote>\n<p>La\/el ni\u00f1a\/o debe observarla para memorizarla, y una vez retirada de su vista, se le hacen:<\/p>\n<p><span>1-  <\/span><span>Preguntas de Posici\u00f3n:<\/span><\/p>\n<ul>\n<li>Cu\u00e1l es la primera letra<\/li>\n<li>Qu\u00e9 letra va delante de la B.<\/li>\n<li>Qu\u00e9 letra va despu\u00e9s de la B<\/li>\n<li>Cu\u00e1l es la letra que ocupa la quinta posici\u00f3n<\/li>\n<li>Etc\u2026<\/li>\n<\/ul>\n<p><span>2-   <\/span><span>Preguntas de Color:<\/span><\/p>\n<ul>\n<li>De qu\u00e9 color es la primera letra<\/li>\n<li>De qu\u00e9 color es la letra L<\/li>\n<li>De qu\u00e9 color es la \u00faltima letra<\/li>\n<li>Etc\u2026<\/li>\n<\/ul>\n<p><span>3-   <\/span><span>Preguntas de Deletreo:<\/span><\/p>\n<ul>\n<li>Deletrear la palabra empezando por el principio.<\/li>\n<li>Deletrear la palabra empezando por el final<\/li>\n<li>Deletrear la palabra a partir de la letra B.<\/li>\n<li>Etc\u2026<\/li>\n<\/ul>\n<p><span>Fuentes:<\/span><\/p>\n<ul>\n<li><span>AJURIAGUERRA<\/span>, J. (2005): Manual de Psiquiatr\u00eda Infantil. <span>Cap<\/span><span>\u00edtulo X: \u00abOrganizaci\u00f3n y desorganizaci\u00f3n del lenguaje infantil\u00bb<\/span>. <span>Masson<\/span>. Barcelona<\/li>\n<li><span>psicologoescolar<\/span>.<span>com<\/span><\/li>\n<\/ul>\n<\/div>\n","protected":false},"excerpt":{"rendered":"<p>La escritura es un aprendizaje muy complejo que el ni&ntilde;o va a realizar en los primeros a&ntilde;os escolares. Frecuentemente las dificultades en este &aacute;rea estar&aacute;n asociadas con la dificultades de aprendizaje de la lecto-escritura, aunque pueden darse de forma totalmente &hellip; <a href=\"https:\/\/www.teresalv.com\/centrodeeducacionintegral\/disortografia\/\">Sigue leyendo <span class=\"meta-nav\">&rarr;<\/span><\/a><\/p>\n","protected":false},"author":1,"featured_media":0,"comment_status":"open","ping_status":"open","sticky":false,"template":"","format":"standard","meta":{"footnotes":""},"categories":[9,15,17,6,16],"tags":[],"class_list":["post-31","post","type-post","status-publish","format-standard","hentry","category-atencion-a-la-diversidad","category-lectoescritura","category-logopedia","category-recursos-didacticos","category-trastornos-de-escritura"],"aioseo_notices":[],"aioseo_head":"\n\t\t<!-- All in One SEO 5.0.0.1 - aioseo.com -->\n\t<meta name=\"robots\" content=\"max-image-preview:large\" \/>\n\t<meta name=\"author\" content=\"teresalv\"\/>\n\t<link rel=\"canonical\" href=\"https:\/\/www.teresalv.com\/centrodeeducacionintegral\/disortografia\/\" \/>\n\t<meta name=\"generator\" content=\"All in One SEO (AIOSEO) 5.0.0.1\" \/>\n\t\t<meta property=\"og:locale\" content=\"es_ES\" \/>\n\t\t<meta property=\"og:site_name\" content=\"Centro de Educaci\u00f3n Integral | Otro sitio realizado con WordPress\" \/>\n\t\t<meta property=\"og:type\" content=\"article\" \/>\n\t\t<meta property=\"og:title\" content=\"Disortograf\u00eda | Centro de Educaci\u00f3n Integral\" \/>\n\t\t<meta property=\"og:url\" content=\"https:\/\/www.teresalv.com\/centrodeeducacionintegral\/disortografia\/\" \/>\n\t\t<meta property=\"article:published_time\" content=\"2009-06-15T10:26:00+00:00\" \/>\n\t\t<meta property=\"article:modified_time\" content=\"2009-06-15T10:26:00+00:00\" \/>\n\t\t<meta name=\"twitter:card\" content=\"summary\" \/>\n\t\t<meta name=\"twitter:title\" content=\"Disortograf\u00eda | Centro de Educaci\u00f3n Integral\" \/>\n\t\t<script type=\"application\/ld+json\" class=\"aioseo-schema\">\n\t\t\t{\"@context\":\"https:\\\/\\\/schema.org\",\"@graph\":[{\"@type\":\"Article\",\"@id\":\"https:\\\/\\\/www.teresalv.com\\\/centrodeeducacionintegral\\\/disortografia\\\/#article\",\"name\":\"Disortograf\\u00eda | Centro de Educaci\\u00f3n Integral\",\"headline\":\"Disortograf\\u00eda\",\"author\":{\"@id\":\"https:\\\/\\\/www.teresalv.com\\\/centrodeeducacionintegral\\\/author\\\/teresalv\\\/#author\"},\"publisher\":{\"@id\":\"https:\\\/\\\/www.teresalv.com\\\/centrodeeducacionintegral\\\/#organization\"},\"image\":{\"@type\":\"ImageObject\",\"url\":\"http:\\\/\\\/3.bp.blogspot.com\\\/_mkcLJTO0tnY\\\/SjYo9JB-mgI\\\/AAAAAAAAAEw\\\/E52MuWY0oqs\\\/s200\\\/lectoescritura-1.jpg\",\"@id\":\"https:\\\/\\\/www.teresalv.com\\\/centrodeeducacionintegral\\\/disortografia\\\/#articleImage\"},\"datePublished\":\"2009-06-15T10:26:00+00:00\",\"dateModified\":\"2009-06-15T10:26:00+00:00\",\"inLanguage\":\"es-ES\",\"mainEntityOfPage\":{\"@id\":\"https:\\\/\\\/www.teresalv.com\\\/centrodeeducacionintegral\\\/disortografia\\\/#webpage\"},\"isPartOf\":{\"@id\":\"https:\\\/\\\/www.teresalv.com\\\/centrodeeducacionintegral\\\/disortografia\\\/#webpage\"},\"articleSection\":\"atenci\\u00f3n a la diversidad, lectoescritura, logopedia, recursos did\\u00e1cticos, trastornos de escritura\"},{\"@type\":\"BreadcrumbList\",\"@id\":\"https:\\\/\\\/www.teresalv.com\\\/centrodeeducacionintegral\\\/disortografia\\\/#breadcrumblist\",\"itemListElement\":[{\"@type\":\"ListItem\",\"@id\":\"https:\\\/\\\/www.teresalv.com\\\/centrodeeducacionintegral#listItem\",\"position\":1,\"name\":\"Inicio\",\"item\":\"https:\\\/\\\/www.teresalv.com\\\/centrodeeducacionintegral\",\"nextItem\":{\"@type\":\"ListItem\",\"@id\":\"https:\\\/\\\/www.teresalv.com\\\/centrodeeducacionintegral\\\/category\\\/recursos-didacticos\\\/#listItem\",\"name\":\"recursos did\\u00e1cticos\"}},{\"@type\":\"ListItem\",\"@id\":\"https:\\\/\\\/www.teresalv.com\\\/centrodeeducacionintegral\\\/category\\\/recursos-didacticos\\\/#listItem\",\"position\":2,\"name\":\"recursos did\\u00e1cticos\",\"item\":\"https:\\\/\\\/www.teresalv.com\\\/centrodeeducacionintegral\\\/category\\\/recursos-didacticos\\\/\",\"nextItem\":{\"@type\":\"ListItem\",\"@id\":\"https:\\\/\\\/www.teresalv.com\\\/centrodeeducacionintegral\\\/disortografia\\\/#listItem\",\"name\":\"Disortograf\\u00eda\"},\"previousItem\":{\"@type\":\"ListItem\",\"@id\":\"https:\\\/\\\/www.teresalv.com\\\/centrodeeducacionintegral#listItem\",\"name\":\"Inicio\"}},{\"@type\":\"ListItem\",\"@id\":\"https:\\\/\\\/www.teresalv.com\\\/centrodeeducacionintegral\\\/disortografia\\\/#listItem\",\"position\":3,\"name\":\"Disortograf\\u00eda\",\"previousItem\":{\"@type\":\"ListItem\",\"@id\":\"https:\\\/\\\/www.teresalv.com\\\/centrodeeducacionintegral\\\/category\\\/recursos-didacticos\\\/#listItem\",\"name\":\"recursos did\\u00e1cticos\"}}]},{\"@type\":\"Organization\",\"@id\":\"https:\\\/\\\/www.teresalv.com\\\/centrodeeducacionintegral\\\/#organization\",\"name\":\"Centro de Educaci\\u00f3n Integral\",\"description\":\"Otro sitio realizado con WordPress\",\"url\":\"https:\\\/\\\/www.teresalv.com\\\/centrodeeducacionintegral\\\/\"},{\"@type\":\"Person\",\"@id\":\"https:\\\/\\\/www.teresalv.com\\\/centrodeeducacionintegral\\\/author\\\/teresalv\\\/#author\",\"url\":\"https:\\\/\\\/www.teresalv.com\\\/centrodeeducacionintegral\\\/author\\\/teresalv\\\/\",\"name\":\"teresalv\",\"image\":{\"@type\":\"ImageObject\",\"@id\":\"https:\\\/\\\/www.teresalv.com\\\/centrodeeducacionintegral\\\/disortografia\\\/#authorImage\",\"url\":\"https:\\\/\\\/secure.gravatar.com\\\/avatar\\\/c7b75383ba1f746757945a23daafd31da5e564d7173cc7790ec1447c581ba32b?s=96&d=mm&r=g\",\"width\":96,\"height\":96,\"caption\":\"teresalv\"}},{\"@type\":\"WebPage\",\"@id\":\"https:\\\/\\\/www.teresalv.com\\\/centrodeeducacionintegral\\\/disortografia\\\/#webpage\",\"url\":\"https:\\\/\\\/www.teresalv.com\\\/centrodeeducacionintegral\\\/disortografia\\\/\",\"name\":\"Disortograf\\u00eda | Centro de Educaci\\u00f3n Integral\",\"inLanguage\":\"es-ES\",\"isPartOf\":{\"@id\":\"https:\\\/\\\/www.teresalv.com\\\/centrodeeducacionintegral\\\/#website\"},\"breadcrumb\":{\"@id\":\"https:\\\/\\\/www.teresalv.com\\\/centrodeeducacionintegral\\\/disortografia\\\/#breadcrumblist\"},\"author\":{\"@id\":\"https:\\\/\\\/www.teresalv.com\\\/centrodeeducacionintegral\\\/author\\\/teresalv\\\/#author\"},\"creator\":{\"@id\":\"https:\\\/\\\/www.teresalv.com\\\/centrodeeducacionintegral\\\/author\\\/teresalv\\\/#author\"},\"datePublished\":\"2009-06-15T10:26:00+00:00\",\"dateModified\":\"2009-06-15T10:26:00+00:00\"},{\"@type\":\"WebSite\",\"@id\":\"https:\\\/\\\/www.teresalv.com\\\/centrodeeducacionintegral\\\/#website\",\"url\":\"https:\\\/\\\/www.teresalv.com\\\/centrodeeducacionintegral\\\/\",\"name\":\"Centro de Educaci\\u00f3n Integral\",\"description\":\"Otro sitio realizado con WordPress\",\"inLanguage\":\"es-ES\",\"publisher\":{\"@id\":\"https:\\\/\\\/www.teresalv.com\\\/centrodeeducacionintegral\\\/#organization\"}}]}\n\t\t<\/script>\n\t\t<!-- All in One SEO -->\n\n","aioseo_head_json":{"title":"Disortograf\u00eda | Centro de Educaci\u00f3n Integral","description":"","canonical_url":"https:\/\/www.teresalv.com\/centrodeeducacionintegral\/disortografia\/","robots":"max-image-preview:large","keywords":"","webmasterTools":{"miscellaneous":""},"schema":{"@context":"https:\/\/schema.org","@graph":[{"@type":"Article","@id":"https:\/\/www.teresalv.com\/centrodeeducacionintegral\/disortografia\/#article","name":"Disortograf\u00eda | Centro de Educaci\u00f3n Integral","headline":"Disortograf\u00eda","author":{"@id":"https:\/\/www.teresalv.com\/centrodeeducacionintegral\/author\/teresalv\/#author"},"publisher":{"@id":"https:\/\/www.teresalv.com\/centrodeeducacionintegral\/#organization"},"image":{"@type":"ImageObject","url":"http:\/\/3.bp.blogspot.com\/_mkcLJTO0tnY\/SjYo9JB-mgI\/AAAAAAAAAEw\/E52MuWY0oqs\/s200\/lectoescritura-1.jpg","@id":"https:\/\/www.teresalv.com\/centrodeeducacionintegral\/disortografia\/#articleImage"},"datePublished":"2009-06-15T10:26:00+00:00","dateModified":"2009-06-15T10:26:00+00:00","inLanguage":"es-ES","mainEntityOfPage":{"@id":"https:\/\/www.teresalv.com\/centrodeeducacionintegral\/disortografia\/#webpage"},"isPartOf":{"@id":"https:\/\/www.teresalv.com\/centrodeeducacionintegral\/disortografia\/#webpage"},"articleSection":"atenci\u00f3n a la diversidad, lectoescritura, logopedia, recursos did\u00e1cticos, trastornos de escritura"},{"@type":"BreadcrumbList","@id":"https:\/\/www.teresalv.com\/centrodeeducacionintegral\/disortografia\/#breadcrumblist","itemListElement":[{"@type":"ListItem","@id":"https:\/\/www.teresalv.com\/centrodeeducacionintegral#listItem","position":1,"name":"Inicio","item":"https:\/\/www.teresalv.com\/centrodeeducacionintegral","nextItem":{"@type":"ListItem","@id":"https:\/\/www.teresalv.com\/centrodeeducacionintegral\/category\/recursos-didacticos\/#listItem","name":"recursos did\u00e1cticos"}},{"@type":"ListItem","@id":"https:\/\/www.teresalv.com\/centrodeeducacionintegral\/category\/recursos-didacticos\/#listItem","position":2,"name":"recursos did\u00e1cticos","item":"https:\/\/www.teresalv.com\/centrodeeducacionintegral\/category\/recursos-didacticos\/","nextItem":{"@type":"ListItem","@id":"https:\/\/www.teresalv.com\/centrodeeducacionintegral\/disortografia\/#listItem","name":"Disortograf\u00eda"},"previousItem":{"@type":"ListItem","@id":"https:\/\/www.teresalv.com\/centrodeeducacionintegral#listItem","name":"Inicio"}},{"@type":"ListItem","@id":"https:\/\/www.teresalv.com\/centrodeeducacionintegral\/disortografia\/#listItem","position":3,"name":"Disortograf\u00eda","previousItem":{"@type":"ListItem","@id":"https:\/\/www.teresalv.com\/centrodeeducacionintegral\/category\/recursos-didacticos\/#listItem","name":"recursos did\u00e1cticos"}}]},{"@type":"Organization","@id":"https:\/\/www.teresalv.com\/centrodeeducacionintegral\/#organization","name":"Centro de Educaci\u00f3n Integral","description":"Otro sitio realizado con WordPress","url":"https:\/\/www.teresalv.com\/centrodeeducacionintegral\/"},{"@type":"Person","@id":"https:\/\/www.teresalv.com\/centrodeeducacionintegral\/author\/teresalv\/#author","url":"https:\/\/www.teresalv.com\/centrodeeducacionintegral\/author\/teresalv\/","name":"teresalv","image":{"@type":"ImageObject","@id":"https:\/\/www.teresalv.com\/centrodeeducacionintegral\/disortografia\/#authorImage","url":"https:\/\/secure.gravatar.com\/avatar\/c7b75383ba1f746757945a23daafd31da5e564d7173cc7790ec1447c581ba32b?s=96&d=mm&r=g","width":96,"height":96,"caption":"teresalv"}},{"@type":"WebPage","@id":"https:\/\/www.teresalv.com\/centrodeeducacionintegral\/disortografia\/#webpage","url":"https:\/\/www.teresalv.com\/centrodeeducacionintegral\/disortografia\/","name":"Disortograf\u00eda | Centro de Educaci\u00f3n Integral","inLanguage":"es-ES","isPartOf":{"@id":"https:\/\/www.teresalv.com\/centrodeeducacionintegral\/#website"},"breadcrumb":{"@id":"https:\/\/www.teresalv.com\/centrodeeducacionintegral\/disortografia\/#breadcrumblist"},"author":{"@id":"https:\/\/www.teresalv.com\/centrodeeducacionintegral\/author\/teresalv\/#author"},"creator":{"@id":"https:\/\/www.teresalv.com\/centrodeeducacionintegral\/author\/teresalv\/#author"},"datePublished":"2009-06-15T10:26:00+00:00","dateModified":"2009-06-15T10:26:00+00:00"},{"@type":"WebSite","@id":"https:\/\/www.teresalv.com\/centrodeeducacionintegral\/#website","url":"https:\/\/www.teresalv.com\/centrodeeducacionintegral\/","name":"Centro de Educaci\u00f3n Integral","description":"Otro sitio realizado con WordPress","inLanguage":"es-ES","publisher":{"@id":"https:\/\/www.teresalv.com\/centrodeeducacionintegral\/#organization"}}]},"og:locale":"es_ES","og:site_name":"Centro de Educaci\u00f3n Integral | Otro sitio realizado con WordPress","og:type":"article","og:title":"Disortograf\u00eda | Centro de Educaci\u00f3n Integral","og:url":"https:\/\/www.teresalv.com\/centrodeeducacionintegral\/disortografia\/","article:published_time":"2009-06-15T10:26:00+00:00","article:modified_time":"2009-06-15T10:26:00+00:00","twitter:card":"summary","twitter:title":"Disortograf\u00eda | Centro de Educaci\u00f3n Integral"},"aioseo_meta_data":{"post_id":"31","title":null,"description":null,"keywords":null,"keyphrases":null,"primary_term":null,"canonical_url":null,"og_title":null,"og_description":null,"og_object_type":"default","og_image_type":"default","og_image_url":null,"og_image_width":null,"og_image_height":null,"og_image_custom_url":null,"og_image_custom_fields":null,"og_video":null,"og_custom_url":null,"og_article_section":null,"og_article_tags":null,"twitter_use_og":false,"twitter_card":"default","twitter_image_type":"default","twitter_image_url":null,"twitter_image_custom_url":null,"twitter_image_custom_fields":null,"twitter_title":null,"twitter_description":null,"schema":{"blockGraphs":[],"customGraphs":[],"default":{"data":{"Article":[],"Course":[],"Dataset":[],"FAQPage":[],"Movie":[],"Person":[],"Product":[],"ProductReview":[],"Car":[],"Recipe":[],"Service":[],"SoftwareApplication":[],"WebPage":[]},"graphName":"","isEnabled":true},"graphs":[],"defaultGraph":"","defaultPostTypeGraph":""},"schema_type":null,"schema_type_options":null,"pillar_content":false,"robots_default":true,"robots_noindex":false,"robots_noarchive":false,"robots_nosnippet":false,"robots_nofollow":false,"robots_noimageindex":false,"robots_noodp":false,"robots_notranslate":false,"robots_max_snippet":null,"robots_max_videopreview":null,"robots_max_imagepreview":"large","priority":null,"frequency":null,"location":null,"local_seo":null,"breadcrumb_settings":null,"limit_modified_date":false,"ai":null,"created":"2021-02-15 18:49:54","updated":"2025-06-23 12:35:20","seo_analyzer_scan_date":null,"focus_keyword":null,"additional_keywords":null,"truseo_locale":null},"aioseo_breadcrumb":"<div class=\"aioseo-breadcrumbs\"><span class=\"aioseo-breadcrumb\">\n\t\t\t<a href=\"https:\/\/www.teresalv.com\/centrodeeducacionintegral\" title=\"Inicio\">Inicio<\/a>\n\t\t<\/span><span class=\"aioseo-breadcrumb-separator\">&raquo;<\/span><span class=\"aioseo-breadcrumb\">\n\t\t\t<a href=\"https:\/\/www.teresalv.com\/centrodeeducacionintegral\/category\/recursos-didacticos\/\" title=\"recursos did\u00e1cticos\">recursos did\u00e1cticos<\/a>\n\t\t<\/span><span class=\"aioseo-breadcrumb-separator\">&raquo;<\/span><span class=\"aioseo-breadcrumb\">\n\t\t\tDisortograf\u00eda\n\t\t<\/span><\/div>","aioseo_breadcrumb_json":[{"label":"Inicio","link":"https:\/\/www.teresalv.com\/centrodeeducacionintegral"},{"label":"recursos did\u00e1cticos","link":"https:\/\/www.teresalv.com\/centrodeeducacionintegral\/category\/recursos-didacticos\/"},{"label":"Disortograf\u00eda","link":"https:\/\/www.teresalv.com\/centrodeeducacionintegral\/disortografia\/"}],"_links":{"self":[{"href":"https:\/\/www.teresalv.com\/centrodeeducacionintegral\/wp-json\/wp\/v2\/posts\/31","targetHints":{"allow":["GET"]}}],"collection":[{"href":"https:\/\/www.teresalv.com\/centrodeeducacionintegral\/wp-json\/wp\/v2\/posts"}],"about":[{"href":"https:\/\/www.teresalv.com\/centrodeeducacionintegral\/wp-json\/wp\/v2\/types\/post"}],"author":[{"embeddable":true,"href":"https:\/\/www.teresalv.com\/centrodeeducacionintegral\/wp-json\/wp\/v2\/users\/1"}],"replies":[{"embeddable":true,"href":"https:\/\/www.teresalv.com\/centrodeeducacionintegral\/wp-json\/wp\/v2\/comments?post=31"}],"version-history":[{"count":0,"href":"https:\/\/www.teresalv.com\/centrodeeducacionintegral\/wp-json\/wp\/v2\/posts\/31\/revisions"}],"wp:attachment":[{"href":"https:\/\/www.teresalv.com\/centrodeeducacionintegral\/wp-json\/wp\/v2\/media?parent=31"}],"wp:term":[{"taxonomy":"category","embeddable":true,"href":"https:\/\/www.teresalv.com\/centrodeeducacionintegral\/wp-json\/wp\/v2\/categories?post=31"},{"taxonomy":"post_tag","embeddable":true,"href":"https:\/\/www.teresalv.com\/centrodeeducacionintegral\/wp-json\/wp\/v2\/tags?post=31"}],"curies":[{"name":"wp","href":"https:\/\/api.w.org\/{rel}","templated":true}]}}