{"id":29,"date":"2009-06-17T05:50:00","date_gmt":"2009-06-17T05:50:00","guid":{"rendered":"http:\/\/www.centroeducacionintegral.es\/estimulacion-basal\/"},"modified":"2009-06-17T05:50:00","modified_gmt":"2009-06-17T05:50:00","slug":"estimulacion-basal","status":"publish","type":"post","link":"https:\/\/www.teresalv.com\/centrodeeducacionintegral\/estimulacion-basal\/","title":{"rendered":"Estimulaci\u00f3n basal"},"content":{"rendered":"<div><a href=\"http:\/\/2.bp.blogspot.com\/_mkcLJTO0tnY\/SjhCQQoG80I\/AAAAAAAAAFA\/QmghX37VcOg\/s1600-h\/flor.gif\"><img decoding=\"async\" src=\"http:\/\/2.bp.blogspot.com\/_mkcLJTO0tnY\/SjhCQQoG80I\/AAAAAAAAAFA\/QmghX37VcOg\/s200\/flor.gif\" alt=\"\" border=\"0\"><\/a><span>\u00abLa educaci\u00f3n es posible para todo ser humano, por grave que sea su situaci\u00f3n vital\u00bb<\/span><\/div>\n<div>He aqu\u00ed el motor del joven pedagogo alem\u00e1n, Andreas Fr\u00f6hlich, en la creaci\u00f3n y desarrollo de su modelo educativo. [&#8230;]<\/p>\n<p>Este origen, que da sentido al nacimiento de un nuevo enfoque en la educaci\u00f3n especial, comparte claramente el sentido con el \u00abomnes, omnia, omino\u00bb de Comenio \u00abTodo ser nacido de persona es humano\u00bb [&#8230;]<\/p>\n<p>Fr\u00f6hlich utiliza otros aspectos, con base cient\u00edfica, para defender la funcionalidad y necesidad de un sistema educativo que diese cabida a alumnado disminuido:<\/p>\n<ul>\n<li><span>Neurofisiolog\u00eda:<\/span> objeto de estudio del cual recoge la idea de la plasticidad del S.N.C. para afirmar la posibilidad de optimizar su desarrollo mediante una interacci\u00f3n con el medio lo suficientemente rica y equilibrada. Tal capacidad, al contrario de lo que se pensaba hasta unos a\u00f1os, no se pierde totalmente sino que empieza a disminuir a partir de los seis u ocho a\u00f1os.<\/li>\n<li><span>Teor\u00eda constructivista del aprendizaje humano: <\/span>recoge las aportaciones realizadas por Piaget en cuanto al desarrollo del ni\u00f1o durante el estadio Sensoriomotor; ya que \u00e9ste es, con reservas, el umbral de desarrollo global m\u00e1ximo que alcanza una persona con plurideficiencia profunda.<\/li>\n<li><span>Interacci\u00f3n temprana:<\/span> analiza la Comunicaci\u00f3n que se establece en estad\u00edos iniciales del desarrollo humano para explicar, mediante relaciones de equivalencia, las conductas, las posibilidades y producciones interactivas de la persona gravemente afectada. A partir de este contexto te\u00f3rico se afirma que toda ni\u00f1a o joven plurideficiente mantiene capacidades comunicativas, pero es necesario averiguar, contexto interdisciplinario, cu\u00e1les son aqu\u00e9llos canales comunicativos m\u00e1s significativos para cada ni\u00f1o.<\/li>\n<\/ul>\n<p>Algunas de estas concepciones te\u00f3ricas, que solidifican los fundamentos de la Estimulaci\u00f3n Basal, ya se daban el la pedagog\u00eda de Herbart cuando afirma que si nos acercamos de un modo apropiado a la ni\u00f1a o el ni\u00f1o, podr\u00e1 f\u00e1cilmente asimilar el procedimiento, ya que su <span>plasticidad <\/span>es un rasgo caracter\u00edstico. Defend\u00eda que la plasticidad, o educabilidad, del alumnado es el postulado fundamental de la pedagog\u00eda.<\/p>\n<p><span>Lee el art\u00edculo completo:<\/span> <a href=\"http:\/\/www.estimulacionbasal.net\/castellb.pdf\">P\u00c9REZ GEREZ, C.L: \u00abLa Estimulaci\u00f3n Basal como manifestaci\u00f3n de continuidad de la Escuela Nueva\u00bb.<\/a><\/div>\n","protected":false},"excerpt":{"rendered":"<p>&laquo;La educaci&oacute;n es posible para todo ser humano, por grave que sea su situaci&oacute;n vital&raquo; He aqu&iacute; el motor del joven pedagogo alem&aacute;n, Andreas Fr&ouml;hlich, en la creaci&oacute;n y desarrollo de su modelo educativo. [&hellip;] Este origen, que da sentido &hellip; <a href=\"https:\/\/www.teresalv.com\/centrodeeducacionintegral\/estimulacion-basal\/\">Sigue leyendo <span class=\"meta-nav\">&rarr;<\/span><\/a><\/p>\n","protected":false},"author":1,"featured_media":0,"comment_status":"open","ping_status":"open","sticky":false,"template":"","format":"standard","meta":{"footnotes":""},"categories":[9,21,8],"tags":[],"class_list":["post-29","post","type-post","status-publish","format-standard","hentry","category-atencion-a-la-diversidad","category-educacion-especial","category-pedagogia"],"aioseo_notices":[],"aioseo_head":"\n\t\t<!-- All in One SEO 5.0.0.1 - aioseo.com -->\n\t<meta name=\"robots\" content=\"max-image-preview:large\" \/>\n\t<meta name=\"author\" content=\"teresalv\"\/>\n\t<link rel=\"canonical\" href=\"https:\/\/www.teresalv.com\/centrodeeducacionintegral\/estimulacion-basal\/\" \/>\n\t<meta name=\"generator\" content=\"All in One SEO (AIOSEO) 5.0.0.1\" \/>\n\t\t<meta property=\"og:locale\" content=\"es_ES\" \/>\n\t\t<meta property=\"og:site_name\" content=\"Centro de Educaci\u00f3n Integral | Otro sitio realizado con WordPress\" \/>\n\t\t<meta property=\"og:type\" content=\"article\" \/>\n\t\t<meta property=\"og:title\" content=\"Estimulaci\u00f3n basal | Centro de Educaci\u00f3n Integral\" \/>\n\t\t<meta property=\"og:url\" content=\"https:\/\/www.teresalv.com\/centrodeeducacionintegral\/estimulacion-basal\/\" \/>\n\t\t<meta property=\"article:published_time\" content=\"2009-06-17T05:50:00+00:00\" \/>\n\t\t<meta property=\"article:modified_time\" content=\"2009-06-17T05:50:00+00:00\" \/>\n\t\t<meta name=\"twitter:card\" content=\"summary\" \/>\n\t\t<meta name=\"twitter:title\" content=\"Estimulaci\u00f3n basal | Centro de Educaci\u00f3n Integral\" \/>\n\t\t<script type=\"application\/ld+json\" class=\"aioseo-schema\">\n\t\t\t{\"@context\":\"https:\\\/\\\/schema.org\",\"@graph\":[{\"@type\":\"Article\",\"@id\":\"https:\\\/\\\/www.teresalv.com\\\/centrodeeducacionintegral\\\/estimulacion-basal\\\/#article\",\"name\":\"Estimulaci\\u00f3n basal | Centro de Educaci\\u00f3n Integral\",\"headline\":\"Estimulaci\\u00f3n basal\",\"author\":{\"@id\":\"https:\\\/\\\/www.teresalv.com\\\/centrodeeducacionintegral\\\/author\\\/teresalv\\\/#author\"},\"publisher\":{\"@id\":\"https:\\\/\\\/www.teresalv.com\\\/centrodeeducacionintegral\\\/#organization\"},\"image\":{\"@type\":\"ImageObject\",\"url\":\"http:\\\/\\\/2.bp.blogspot.com\\\/_mkcLJTO0tnY\\\/SjhCQQoG80I\\\/AAAAAAAAAFA\\\/QmghX37VcOg\\\/s200\\\/flor.gif\",\"@id\":\"https:\\\/\\\/www.teresalv.com\\\/centrodeeducacionintegral\\\/estimulacion-basal\\\/#articleImage\"},\"datePublished\":\"2009-06-17T05:50:00+00:00\",\"dateModified\":\"2009-06-17T05:50:00+00:00\",\"inLanguage\":\"es-ES\",\"mainEntityOfPage\":{\"@id\":\"https:\\\/\\\/www.teresalv.com\\\/centrodeeducacionintegral\\\/estimulacion-basal\\\/#webpage\"},\"isPartOf\":{\"@id\":\"https:\\\/\\\/www.teresalv.com\\\/centrodeeducacionintegral\\\/estimulacion-basal\\\/#webpage\"},\"articleSection\":\"atenci\\u00f3n a la diversidad, educaci\\u00f3n especial, pedagog\\u00eda\"},{\"@type\":\"BreadcrumbList\",\"@id\":\"https:\\\/\\\/www.teresalv.com\\\/centrodeeducacionintegral\\\/estimulacion-basal\\\/#breadcrumblist\",\"itemListElement\":[{\"@type\":\"ListItem\",\"@id\":\"https:\\\/\\\/www.teresalv.com\\\/centrodeeducacionintegral#listItem\",\"position\":1,\"name\":\"Inicio\",\"item\":\"https:\\\/\\\/www.teresalv.com\\\/centrodeeducacionintegral\",\"nextItem\":{\"@type\":\"ListItem\",\"@id\":\"https:\\\/\\\/www.teresalv.com\\\/centrodeeducacionintegral\\\/category\\\/pedagogia\\\/#listItem\",\"name\":\"pedagog\\u00eda\"}},{\"@type\":\"ListItem\",\"@id\":\"https:\\\/\\\/www.teresalv.com\\\/centrodeeducacionintegral\\\/category\\\/pedagogia\\\/#listItem\",\"position\":2,\"name\":\"pedagog\\u00eda\",\"item\":\"https:\\\/\\\/www.teresalv.com\\\/centrodeeducacionintegral\\\/category\\\/pedagogia\\\/\",\"nextItem\":{\"@type\":\"ListItem\",\"@id\":\"https:\\\/\\\/www.teresalv.com\\\/centrodeeducacionintegral\\\/estimulacion-basal\\\/#listItem\",\"name\":\"Estimulaci\\u00f3n basal\"},\"previousItem\":{\"@type\":\"ListItem\",\"@id\":\"https:\\\/\\\/www.teresalv.com\\\/centrodeeducacionintegral#listItem\",\"name\":\"Inicio\"}},{\"@type\":\"ListItem\",\"@id\":\"https:\\\/\\\/www.teresalv.com\\\/centrodeeducacionintegral\\\/estimulacion-basal\\\/#listItem\",\"position\":3,\"name\":\"Estimulaci\\u00f3n basal\",\"previousItem\":{\"@type\":\"ListItem\",\"@id\":\"https:\\\/\\\/www.teresalv.com\\\/centrodeeducacionintegral\\\/category\\\/pedagogia\\\/#listItem\",\"name\":\"pedagog\\u00eda\"}}]},{\"@type\":\"Organization\",\"@id\":\"https:\\\/\\\/www.teresalv.com\\\/centrodeeducacionintegral\\\/#organization\",\"name\":\"Centro de Educaci\\u00f3n Integral\",\"description\":\"Otro sitio realizado con WordPress\",\"url\":\"https:\\\/\\\/www.teresalv.com\\\/centrodeeducacionintegral\\\/\"},{\"@type\":\"Person\",\"@id\":\"https:\\\/\\\/www.teresalv.com\\\/centrodeeducacionintegral\\\/author\\\/teresalv\\\/#author\",\"url\":\"https:\\\/\\\/www.teresalv.com\\\/centrodeeducacionintegral\\\/author\\\/teresalv\\\/\",\"name\":\"teresalv\",\"image\":{\"@type\":\"ImageObject\",\"@id\":\"https:\\\/\\\/www.teresalv.com\\\/centrodeeducacionintegral\\\/estimulacion-basal\\\/#authorImage\",\"url\":\"https:\\\/\\\/secure.gravatar.com\\\/avatar\\\/c7b75383ba1f746757945a23daafd31da5e564d7173cc7790ec1447c581ba32b?s=96&d=mm&r=g\",\"width\":96,\"height\":96,\"caption\":\"teresalv\"}},{\"@type\":\"WebPage\",\"@id\":\"https:\\\/\\\/www.teresalv.com\\\/centrodeeducacionintegral\\\/estimulacion-basal\\\/#webpage\",\"url\":\"https:\\\/\\\/www.teresalv.com\\\/centrodeeducacionintegral\\\/estimulacion-basal\\\/\",\"name\":\"Estimulaci\\u00f3n basal | Centro de Educaci\\u00f3n Integral\",\"inLanguage\":\"es-ES\",\"isPartOf\":{\"@id\":\"https:\\\/\\\/www.teresalv.com\\\/centrodeeducacionintegral\\\/#website\"},\"breadcrumb\":{\"@id\":\"https:\\\/\\\/www.teresalv.com\\\/centrodeeducacionintegral\\\/estimulacion-basal\\\/#breadcrumblist\"},\"author\":{\"@id\":\"https:\\\/\\\/www.teresalv.com\\\/centrodeeducacionintegral\\\/author\\\/teresalv\\\/#author\"},\"creator\":{\"@id\":\"https:\\\/\\\/www.teresalv.com\\\/centrodeeducacionintegral\\\/author\\\/teresalv\\\/#author\"},\"datePublished\":\"2009-06-17T05:50:00+00:00\",\"dateModified\":\"2009-06-17T05:50:00+00:00\"},{\"@type\":\"WebSite\",\"@id\":\"https:\\\/\\\/www.teresalv.com\\\/centrodeeducacionintegral\\\/#website\",\"url\":\"https:\\\/\\\/www.teresalv.com\\\/centrodeeducacionintegral\\\/\",\"name\":\"Centro de Educaci\\u00f3n Integral\",\"description\":\"Otro sitio realizado con WordPress\",\"inLanguage\":\"es-ES\",\"publisher\":{\"@id\":\"https:\\\/\\\/www.teresalv.com\\\/centrodeeducacionintegral\\\/#organization\"}}]}\n\t\t<\/script>\n\t\t<!-- All in One SEO -->\n\n","aioseo_head_json":{"title":"Estimulaci\u00f3n basal | Centro de Educaci\u00f3n Integral","description":"","canonical_url":"https:\/\/www.teresalv.com\/centrodeeducacionintegral\/estimulacion-basal\/","robots":"max-image-preview:large","keywords":"","webmasterTools":{"miscellaneous":""},"schema":{"@context":"https:\/\/schema.org","@graph":[{"@type":"Article","@id":"https:\/\/www.teresalv.com\/centrodeeducacionintegral\/estimulacion-basal\/#article","name":"Estimulaci\u00f3n basal | Centro de Educaci\u00f3n Integral","headline":"Estimulaci\u00f3n basal","author":{"@id":"https:\/\/www.teresalv.com\/centrodeeducacionintegral\/author\/teresalv\/#author"},"publisher":{"@id":"https:\/\/www.teresalv.com\/centrodeeducacionintegral\/#organization"},"image":{"@type":"ImageObject","url":"http:\/\/2.bp.blogspot.com\/_mkcLJTO0tnY\/SjhCQQoG80I\/AAAAAAAAAFA\/QmghX37VcOg\/s200\/flor.gif","@id":"https:\/\/www.teresalv.com\/centrodeeducacionintegral\/estimulacion-basal\/#articleImage"},"datePublished":"2009-06-17T05:50:00+00:00","dateModified":"2009-06-17T05:50:00+00:00","inLanguage":"es-ES","mainEntityOfPage":{"@id":"https:\/\/www.teresalv.com\/centrodeeducacionintegral\/estimulacion-basal\/#webpage"},"isPartOf":{"@id":"https:\/\/www.teresalv.com\/centrodeeducacionintegral\/estimulacion-basal\/#webpage"},"articleSection":"atenci\u00f3n a la diversidad, educaci\u00f3n especial, pedagog\u00eda"},{"@type":"BreadcrumbList","@id":"https:\/\/www.teresalv.com\/centrodeeducacionintegral\/estimulacion-basal\/#breadcrumblist","itemListElement":[{"@type":"ListItem","@id":"https:\/\/www.teresalv.com\/centrodeeducacionintegral#listItem","position":1,"name":"Inicio","item":"https:\/\/www.teresalv.com\/centrodeeducacionintegral","nextItem":{"@type":"ListItem","@id":"https:\/\/www.teresalv.com\/centrodeeducacionintegral\/category\/pedagogia\/#listItem","name":"pedagog\u00eda"}},{"@type":"ListItem","@id":"https:\/\/www.teresalv.com\/centrodeeducacionintegral\/category\/pedagogia\/#listItem","position":2,"name":"pedagog\u00eda","item":"https:\/\/www.teresalv.com\/centrodeeducacionintegral\/category\/pedagogia\/","nextItem":{"@type":"ListItem","@id":"https:\/\/www.teresalv.com\/centrodeeducacionintegral\/estimulacion-basal\/#listItem","name":"Estimulaci\u00f3n basal"},"previousItem":{"@type":"ListItem","@id":"https:\/\/www.teresalv.com\/centrodeeducacionintegral#listItem","name":"Inicio"}},{"@type":"ListItem","@id":"https:\/\/www.teresalv.com\/centrodeeducacionintegral\/estimulacion-basal\/#listItem","position":3,"name":"Estimulaci\u00f3n basal","previousItem":{"@type":"ListItem","@id":"https:\/\/www.teresalv.com\/centrodeeducacionintegral\/category\/pedagogia\/#listItem","name":"pedagog\u00eda"}}]},{"@type":"Organization","@id":"https:\/\/www.teresalv.com\/centrodeeducacionintegral\/#organization","name":"Centro de Educaci\u00f3n Integral","description":"Otro sitio realizado con WordPress","url":"https:\/\/www.teresalv.com\/centrodeeducacionintegral\/"},{"@type":"Person","@id":"https:\/\/www.teresalv.com\/centrodeeducacionintegral\/author\/teresalv\/#author","url":"https:\/\/www.teresalv.com\/centrodeeducacionintegral\/author\/teresalv\/","name":"teresalv","image":{"@type":"ImageObject","@id":"https:\/\/www.teresalv.com\/centrodeeducacionintegral\/estimulacion-basal\/#authorImage","url":"https:\/\/secure.gravatar.com\/avatar\/c7b75383ba1f746757945a23daafd31da5e564d7173cc7790ec1447c581ba32b?s=96&d=mm&r=g","width":96,"height":96,"caption":"teresalv"}},{"@type":"WebPage","@id":"https:\/\/www.teresalv.com\/centrodeeducacionintegral\/estimulacion-basal\/#webpage","url":"https:\/\/www.teresalv.com\/centrodeeducacionintegral\/estimulacion-basal\/","name":"Estimulaci\u00f3n basal | Centro de Educaci\u00f3n Integral","inLanguage":"es-ES","isPartOf":{"@id":"https:\/\/www.teresalv.com\/centrodeeducacionintegral\/#website"},"breadcrumb":{"@id":"https:\/\/www.teresalv.com\/centrodeeducacionintegral\/estimulacion-basal\/#breadcrumblist"},"author":{"@id":"https:\/\/www.teresalv.com\/centrodeeducacionintegral\/author\/teresalv\/#author"},"creator":{"@id":"https:\/\/www.teresalv.com\/centrodeeducacionintegral\/author\/teresalv\/#author"},"datePublished":"2009-06-17T05:50:00+00:00","dateModified":"2009-06-17T05:50:00+00:00"},{"@type":"WebSite","@id":"https:\/\/www.teresalv.com\/centrodeeducacionintegral\/#website","url":"https:\/\/www.teresalv.com\/centrodeeducacionintegral\/","name":"Centro de Educaci\u00f3n Integral","description":"Otro sitio realizado con WordPress","inLanguage":"es-ES","publisher":{"@id":"https:\/\/www.teresalv.com\/centrodeeducacionintegral\/#organization"}}]},"og:locale":"es_ES","og:site_name":"Centro de Educaci\u00f3n Integral | Otro sitio realizado con WordPress","og:type":"article","og:title":"Estimulaci\u00f3n basal | Centro de Educaci\u00f3n Integral","og:url":"https:\/\/www.teresalv.com\/centrodeeducacionintegral\/estimulacion-basal\/","article:published_time":"2009-06-17T05:50:00+00:00","article:modified_time":"2009-06-17T05:50:00+00:00","twitter:card":"summary","twitter:title":"Estimulaci\u00f3n basal | Centro de Educaci\u00f3n Integral"},"aioseo_meta_data":{"post_id":"29","title":null,"description":null,"keywords":null,"keyphrases":null,"primary_term":null,"canonical_url":null,"og_title":null,"og_description":null,"og_object_type":"default","og_image_type":"default","og_image_url":null,"og_image_width":null,"og_image_height":null,"og_image_custom_url":null,"og_image_custom_fields":null,"og_video":null,"og_custom_url":null,"og_article_section":null,"og_article_tags":null,"twitter_use_og":false,"twitter_card":"default","twitter_image_type":"default","twitter_image_url":null,"twitter_image_custom_url":null,"twitter_image_custom_fields":null,"twitter_title":null,"twitter_description":null,"schema":{"blockGraphs":[],"customGraphs":[],"default":{"data":{"Article":[],"Course":[],"Dataset":[],"FAQPage":[],"Movie":[],"Person":[],"Product":[],"ProductReview":[],"Car":[],"Recipe":[],"Service":[],"SoftwareApplication":[],"WebPage":[]},"graphName":"","isEnabled":true},"graphs":[],"defaultGraph":"","defaultPostTypeGraph":""},"schema_type":null,"schema_type_options":null,"pillar_content":false,"robots_default":true,"robots_noindex":false,"robots_noarchive":false,"robots_nosnippet":false,"robots_nofollow":false,"robots_noimageindex":false,"robots_noodp":false,"robots_notranslate":false,"robots_max_snippet":null,"robots_max_videopreview":null,"robots_max_imagepreview":"large","priority":null,"frequency":null,"location":null,"local_seo":null,"breadcrumb_settings":null,"limit_modified_date":false,"ai":null,"created":"2021-02-15 18:49:54","updated":"2025-06-23 12:35:20","seo_analyzer_scan_date":null,"focus_keyword":null,"additional_keywords":null,"truseo_locale":null},"aioseo_breadcrumb":"<div class=\"aioseo-breadcrumbs\"><span class=\"aioseo-breadcrumb\">\n\t\t\t<a href=\"https:\/\/www.teresalv.com\/centrodeeducacionintegral\" title=\"Inicio\">Inicio<\/a>\n\t\t<\/span><span class=\"aioseo-breadcrumb-separator\">&raquo;<\/span><span class=\"aioseo-breadcrumb\">\n\t\t\t<a href=\"https:\/\/www.teresalv.com\/centrodeeducacionintegral\/category\/pedagogia\/\" title=\"pedagog\u00eda\">pedagog\u00eda<\/a>\n\t\t<\/span><span class=\"aioseo-breadcrumb-separator\">&raquo;<\/span><span class=\"aioseo-breadcrumb\">\n\t\t\tEstimulaci\u00f3n basal\n\t\t<\/span><\/div>","aioseo_breadcrumb_json":[{"label":"Inicio","link":"https:\/\/www.teresalv.com\/centrodeeducacionintegral"},{"label":"pedagog\u00eda","link":"https:\/\/www.teresalv.com\/centrodeeducacionintegral\/category\/pedagogia\/"},{"label":"Estimulaci\u00f3n basal","link":"https:\/\/www.teresalv.com\/centrodeeducacionintegral\/estimulacion-basal\/"}],"_links":{"self":[{"href":"https:\/\/www.teresalv.com\/centrodeeducacionintegral\/wp-json\/wp\/v2\/posts\/29","targetHints":{"allow":["GET"]}}],"collection":[{"href":"https:\/\/www.teresalv.com\/centrodeeducacionintegral\/wp-json\/wp\/v2\/posts"}],"about":[{"href":"https:\/\/www.teresalv.com\/centrodeeducacionintegral\/wp-json\/wp\/v2\/types\/post"}],"author":[{"embeddable":true,"href":"https:\/\/www.teresalv.com\/centrodeeducacionintegral\/wp-json\/wp\/v2\/users\/1"}],"replies":[{"embeddable":true,"href":"https:\/\/www.teresalv.com\/centrodeeducacionintegral\/wp-json\/wp\/v2\/comments?post=29"}],"version-history":[{"count":0,"href":"https:\/\/www.teresalv.com\/centrodeeducacionintegral\/wp-json\/wp\/v2\/posts\/29\/revisions"}],"wp:attachment":[{"href":"https:\/\/www.teresalv.com\/centrodeeducacionintegral\/wp-json\/wp\/v2\/media?parent=29"}],"wp:term":[{"taxonomy":"category","embeddable":true,"href":"https:\/\/www.teresalv.com\/centrodeeducacionintegral\/wp-json\/wp\/v2\/categories?post=29"},{"taxonomy":"post_tag","embeddable":true,"href":"https:\/\/www.teresalv.com\/centrodeeducacionintegral\/wp-json\/wp\/v2\/tags?post=29"}],"curies":[{"name":"wp","href":"https:\/\/api.w.org\/{rel}","templated":true}]}}