{"id":28,"date":"2009-06-18T05:56:00","date_gmt":"2009-06-18T05:56:00","guid":{"rendered":"http:\/\/www.centroeducacionintegral.es\/emociones-basicas\/"},"modified":"2009-06-18T05:56:00","modified_gmt":"2009-06-18T05:56:00","slug":"emociones-basicas","status":"publish","type":"post","link":"https:\/\/www.teresalv.com\/centrodeeducacionintegral\/emociones-basicas\/","title":{"rendered":"Emociones b\u00e1sicas"},"content":{"rendered":"<div><a href=\"http:\/\/3.bp.blogspot.com\/_mkcLJTO0tnY\/SjhToe6DyLI\/AAAAAAAAAFI\/fBWRsJI-zig\/s1600-h\/emotions.jpg\"><img decoding=\"async\" src=\"http:\/\/3.bp.blogspot.com\/_mkcLJTO0tnY\/SjhToe6DyLI\/AAAAAAAAAFI\/fBWRsJI-zig\/s200\/emotions.jpg\" alt=\"\" border=\"0\"><\/a>El estudio de las emociones b\u00e1sicas ha constituido uno de los aspectos m\u00e1s atractivos de la Psicolog\u00eda. Desde Descartes (1649\/1698), quien propuso la existencia de seis emociones b\u00e1sicas -felicidad, tristeza, amor, odio, deseo y admiraci\u00f3n- y todas las dem\u00e1s no eran m\u00e1s que combinaciones de estas seis; pasando por Darwin (1872\/1984) quien marc\u00f3 el mayor \u00e9nfasis en la existencia de emociones b\u00e1sicas y el inicio de su investigaci\u00f3n; se han considerado m\u00faltiples aproximaciones a su estudio, con argumentos a favor y en contra.<\/div>\n<div>Entre los argumentos a favor, se pueden distinguir tres tipos seg\u00fan los criterios de investigaci\u00f3n se basen en:<\/p>\n<ul>\n<li>La <span>expresi\u00f3n<\/span> (Ekman, Plutchik, Izard)<\/li>\n<li>La <span>respuesta fisiol\u00f3gica<\/span> (Levenson)<\/li>\n<li>La <span>valoraci\u00f3n<\/span> (Power y Dalgleish)<\/li>\n<\/ul>\n<p>Todos defienden la existencia de una asociaci\u00f3n espec\u00edfica, concreta y diferencial entre criterio y emoci\u00f3n.<\/p>\n<p><span>Las seis emociones b\u00e1sicas de Ekman<\/span><br \/>Para \u00e9ste, las emociones s\u00f3lo se explican por su origen filogen\u00e9tico y por sus bases biol\u00f3gicas y, en el ser humano, est\u00e1n determinadas por las siguientes caracter\u00edsticas:<\/p>\n<ul>\n<li>Universalidad en los eventos antecedentes a la emoci\u00f3n<\/li>\n<li>Expresi\u00f3n universal distintiva<\/li>\n<li>Fisiolog\u00eda distintiva<\/li>\n<li>Presencia en otras especies de primates<\/li>\n<li>Coherencia con la respuesta emocional<\/li>\n<li>R\u00e1pido inicio<\/li>\n<li>Breve duraci\u00f3n<\/li>\n<li>Valoraci\u00f3n autom\u00e1tica<\/li>\n<li>Ocurrencia imprevisible<\/li>\n<\/ul>\n<p>Las seis emociones b\u00e1sicas propuestas por el grupo de Ekman son: a<span>legr\u00eda, tristeza, ira, miedo, asco y sorpresa <\/span>(ocasionalmente). Describiremos muy brevemente los aspectos cognitivos, subjetivos y mot\u00f3ricos de \u00e9stas.<br \/><span><\/span><span><br \/>Alegr\u00eda:<\/span><\/p>\n<ul>\n<li><span>Cognici\u00f3n:<\/span> Asociada a la intenci\u00f3n de mantener un objetivo que se acaba de conseguir o que puede conseguirse de forma inmediata.<\/li>\n<li><span>Experiencia subjetiva:<\/span> Gratificante, asociada a la consecuci\u00f3n de algo positivo, con connotaciones presentes o inmediatamente pasadas.<\/li>\n<li><span>Conducta motora:<\/span> Aproximaci\u00f3n, apertura y aceptaci\u00f3n.<\/li>\n<\/ul>\n<p><span>Tristeza:<\/span><\/p>\n<ul>\n<li><span>Cognici\u00f3n:<\/span> Asociada a la constataci\u00f3n de que se ha perdido algo pose\u00eddo.<\/li>\n<li><span>Experiencia subjetiva:<\/span> Aversiva, asociada a la p\u00e9rdida de algo positivo, con connotaciones pasadas.<\/li>\n<li><span>Conducta motora:<\/span> Evitaci\u00f3n pasiva. Encogimiento, disminuci\u00f3n o ausencia de manifestaciones motoras.<\/li>\n<\/ul>\n<p><span>Ira:<\/span><\/p>\n<ul>\n<li><span>Cognici\u00f3n:<\/span> Asociada a la intenci\u00f3n de mantener un objetivo que se est\u00e1 perdiendo o de recuperar algo que se acaba de perder.<\/li>\n<li><span>Experiencia subjetiva:<\/span> Aversiva, asociada a la p\u00e9rdida de algo positivo, con connotaciones presentes o inmediatamente pasadas.<\/li>\n<li><span>Conducta motora:<\/span> Aproximaci\u00f3n hostil, agresiva.<\/li>\n<\/ul>\n<p><span>Miedo:<\/span><\/p>\n<ul>\n<li><span>Cognici\u00f3n:<\/span> Asociada a la intenci\u00f3n de preservar algo que se posee y que se puede perder de forma inmediata.<\/li>\n<li><span>Experiencia subjetiva:<\/span> Aversiva, asociada a la p\u00e9rdida de algo positivo, con connotaciones de futuro.<\/li>\n<li><span>Conducta motora: <\/span>Evitaci\u00f3n activa, en forma de huida (ocasionalmente, puede producirse aproximaci\u00f3n defensiva)<\/li>\n<\/ul>\n<p><span>Asco:<\/span><\/p>\n<ul>\n<li><span>Cognici\u00f3n: <\/span>Asociada a la intenci\u00f3n de deshacerse de algo que se acaba de conseguir o que puede llegar a conseguirse de forma inmediata.<\/li>\n<li><span>Experiencia subjetiva: <\/span>Aversiva, asociada a la consecuci\u00f3n o anticipaci\u00f3n de algo negativo, con connotaciones presentes o inmediatamente futuras.<\/li>\n<li><span>Conducta motora: <\/span>Evitaci\u00f3n activa, con claras manifestaciones de rechazo y repulsi\u00f3n.<\/li>\n<\/ul>\n<p><span>Fuente:<\/span> <a href=\"http:\/\/dialnet.unirioja.es\/servlet\/extaut?codigo=18323\">JIM\u00c9NEZ JIM\u00c9NEZ, Crist\u00f3bal<\/a> <span>(coord)<\/span><span>: Ciencias Psicosociales aplicadas a la Salud I. Fundamentos biol\u00f3gicos, psicol\u00f3gicos y sociales del comportamiento humano. Servicio de Publicaciones, Universidad de C\u00f3rdoba, 2007.<\/span><\/div>\n","protected":false},"excerpt":{"rendered":"<p>El estudio de las emociones b&aacute;sicas ha constituido uno de los aspectos m&aacute;s atractivos de la Psicolog&iacute;a. Desde Descartes (1649\/1698), quien propuso la existencia de seis emociones b&aacute;sicas -felicidad, tristeza, amor, odio, deseo y admiraci&oacute;n- y todas las dem&aacute;s no &hellip; <a href=\"https:\/\/www.teresalv.com\/centrodeeducacionintegral\/emociones-basicas\/\">Sigue leyendo <span class=\"meta-nav\">&rarr;<\/span><\/a><\/p>\n","protected":false},"author":1,"featured_media":0,"comment_status":"open","ping_status":"open","sticky":false,"template":"","format":"standard","meta":{"footnotes":""},"categories":[5,4,13,20],"tags":[],"class_list":["post-28","post","type-post","status-publish","format-standard","hentry","category-aprender-para-ser","category-educacion-emocional","category-orientacion","category-psicologia"],"aioseo_notices":[],"aioseo_head":"\n\t\t<!-- All in One SEO 5.0.0.1 - aioseo.com -->\n\t<meta name=\"robots\" content=\"max-image-preview:large\" \/>\n\t<meta name=\"author\" content=\"teresalv\"\/>\n\t<link rel=\"canonical\" href=\"https:\/\/www.teresalv.com\/centrodeeducacionintegral\/emociones-basicas\/\" \/>\n\t<meta name=\"generator\" content=\"All in One SEO (AIOSEO) 5.0.0.1\" \/>\n\t\t<meta property=\"og:locale\" content=\"es_ES\" \/>\n\t\t<meta property=\"og:site_name\" content=\"Centro de Educaci\u00f3n Integral | Otro sitio realizado con WordPress\" \/>\n\t\t<meta property=\"og:type\" content=\"article\" \/>\n\t\t<meta property=\"og:title\" content=\"Emociones b\u00e1sicas | Centro de Educaci\u00f3n Integral\" \/>\n\t\t<meta property=\"og:url\" content=\"https:\/\/www.teresalv.com\/centrodeeducacionintegral\/emociones-basicas\/\" \/>\n\t\t<meta property=\"article:published_time\" content=\"2009-06-18T05:56:00+00:00\" \/>\n\t\t<meta property=\"article:modified_time\" content=\"2009-06-18T05:56:00+00:00\" \/>\n\t\t<meta name=\"twitter:card\" content=\"summary\" \/>\n\t\t<meta name=\"twitter:title\" content=\"Emociones b\u00e1sicas | Centro de Educaci\u00f3n Integral\" \/>\n\t\t<script type=\"application\/ld+json\" class=\"aioseo-schema\">\n\t\t\t{\"@context\":\"https:\\\/\\\/schema.org\",\"@graph\":[{\"@type\":\"Article\",\"@id\":\"https:\\\/\\\/www.teresalv.com\\\/centrodeeducacionintegral\\\/emociones-basicas\\\/#article\",\"name\":\"Emociones b\\u00e1sicas | Centro de Educaci\\u00f3n Integral\",\"headline\":\"Emociones b\\u00e1sicas\",\"author\":{\"@id\":\"https:\\\/\\\/www.teresalv.com\\\/centrodeeducacionintegral\\\/author\\\/teresalv\\\/#author\"},\"publisher\":{\"@id\":\"https:\\\/\\\/www.teresalv.com\\\/centrodeeducacionintegral\\\/#organization\"},\"image\":{\"@type\":\"ImageObject\",\"url\":\"http:\\\/\\\/3.bp.blogspot.com\\\/_mkcLJTO0tnY\\\/SjhToe6DyLI\\\/AAAAAAAAAFI\\\/fBWRsJI-zig\\\/s200\\\/emotions.jpg\",\"@id\":\"https:\\\/\\\/www.teresalv.com\\\/centrodeeducacionintegral\\\/emociones-basicas\\\/#articleImage\"},\"datePublished\":\"2009-06-18T05:56:00+00:00\",\"dateModified\":\"2009-06-18T05:56:00+00:00\",\"inLanguage\":\"es-ES\",\"mainEntityOfPage\":{\"@id\":\"https:\\\/\\\/www.teresalv.com\\\/centrodeeducacionintegral\\\/emociones-basicas\\\/#webpage\"},\"isPartOf\":{\"@id\":\"https:\\\/\\\/www.teresalv.com\\\/centrodeeducacionintegral\\\/emociones-basicas\\\/#webpage\"},\"articleSection\":\"aprender para ser, educaci\\u00f3n emocional, orientaci\\u00f3n, psicolog\\u00eda\"},{\"@type\":\"BreadcrumbList\",\"@id\":\"https:\\\/\\\/www.teresalv.com\\\/centrodeeducacionintegral\\\/emociones-basicas\\\/#breadcrumblist\",\"itemListElement\":[{\"@type\":\"ListItem\",\"@id\":\"https:\\\/\\\/www.teresalv.com\\\/centrodeeducacionintegral#listItem\",\"position\":1,\"name\":\"Inicio\",\"item\":\"https:\\\/\\\/www.teresalv.com\\\/centrodeeducacionintegral\",\"nextItem\":{\"@type\":\"ListItem\",\"@id\":\"https:\\\/\\\/www.teresalv.com\\\/centrodeeducacionintegral\\\/category\\\/educacion-emocional\\\/#listItem\",\"name\":\"educaci\\u00f3n emocional\"}},{\"@type\":\"ListItem\",\"@id\":\"https:\\\/\\\/www.teresalv.com\\\/centrodeeducacionintegral\\\/category\\\/educacion-emocional\\\/#listItem\",\"position\":2,\"name\":\"educaci\\u00f3n emocional\",\"item\":\"https:\\\/\\\/www.teresalv.com\\\/centrodeeducacionintegral\\\/category\\\/educacion-emocional\\\/\",\"nextItem\":{\"@type\":\"ListItem\",\"@id\":\"https:\\\/\\\/www.teresalv.com\\\/centrodeeducacionintegral\\\/emociones-basicas\\\/#listItem\",\"name\":\"Emociones b\\u00e1sicas\"},\"previousItem\":{\"@type\":\"ListItem\",\"@id\":\"https:\\\/\\\/www.teresalv.com\\\/centrodeeducacionintegral#listItem\",\"name\":\"Inicio\"}},{\"@type\":\"ListItem\",\"@id\":\"https:\\\/\\\/www.teresalv.com\\\/centrodeeducacionintegral\\\/emociones-basicas\\\/#listItem\",\"position\":3,\"name\":\"Emociones b\\u00e1sicas\",\"previousItem\":{\"@type\":\"ListItem\",\"@id\":\"https:\\\/\\\/www.teresalv.com\\\/centrodeeducacionintegral\\\/category\\\/educacion-emocional\\\/#listItem\",\"name\":\"educaci\\u00f3n emocional\"}}]},{\"@type\":\"Organization\",\"@id\":\"https:\\\/\\\/www.teresalv.com\\\/centrodeeducacionintegral\\\/#organization\",\"name\":\"Centro de Educaci\\u00f3n Integral\",\"description\":\"Otro sitio realizado con WordPress\",\"url\":\"https:\\\/\\\/www.teresalv.com\\\/centrodeeducacionintegral\\\/\"},{\"@type\":\"Person\",\"@id\":\"https:\\\/\\\/www.teresalv.com\\\/centrodeeducacionintegral\\\/author\\\/teresalv\\\/#author\",\"url\":\"https:\\\/\\\/www.teresalv.com\\\/centrodeeducacionintegral\\\/author\\\/teresalv\\\/\",\"name\":\"teresalv\",\"image\":{\"@type\":\"ImageObject\",\"@id\":\"https:\\\/\\\/www.teresalv.com\\\/centrodeeducacionintegral\\\/emociones-basicas\\\/#authorImage\",\"url\":\"https:\\\/\\\/secure.gravatar.com\\\/avatar\\\/c7b75383ba1f746757945a23daafd31da5e564d7173cc7790ec1447c581ba32b?s=96&d=mm&r=g\",\"width\":96,\"height\":96,\"caption\":\"teresalv\"}},{\"@type\":\"WebPage\",\"@id\":\"https:\\\/\\\/www.teresalv.com\\\/centrodeeducacionintegral\\\/emociones-basicas\\\/#webpage\",\"url\":\"https:\\\/\\\/www.teresalv.com\\\/centrodeeducacionintegral\\\/emociones-basicas\\\/\",\"name\":\"Emociones b\\u00e1sicas | Centro de Educaci\\u00f3n Integral\",\"inLanguage\":\"es-ES\",\"isPartOf\":{\"@id\":\"https:\\\/\\\/www.teresalv.com\\\/centrodeeducacionintegral\\\/#website\"},\"breadcrumb\":{\"@id\":\"https:\\\/\\\/www.teresalv.com\\\/centrodeeducacionintegral\\\/emociones-basicas\\\/#breadcrumblist\"},\"author\":{\"@id\":\"https:\\\/\\\/www.teresalv.com\\\/centrodeeducacionintegral\\\/author\\\/teresalv\\\/#author\"},\"creator\":{\"@id\":\"https:\\\/\\\/www.teresalv.com\\\/centrodeeducacionintegral\\\/author\\\/teresalv\\\/#author\"},\"datePublished\":\"2009-06-18T05:56:00+00:00\",\"dateModified\":\"2009-06-18T05:56:00+00:00\"},{\"@type\":\"WebSite\",\"@id\":\"https:\\\/\\\/www.teresalv.com\\\/centrodeeducacionintegral\\\/#website\",\"url\":\"https:\\\/\\\/www.teresalv.com\\\/centrodeeducacionintegral\\\/\",\"name\":\"Centro de Educaci\\u00f3n Integral\",\"description\":\"Otro sitio realizado con WordPress\",\"inLanguage\":\"es-ES\",\"publisher\":{\"@id\":\"https:\\\/\\\/www.teresalv.com\\\/centrodeeducacionintegral\\\/#organization\"}}]}\n\t\t<\/script>\n\t\t<!-- All in One SEO -->\n\n","aioseo_head_json":{"title":"Emociones b\u00e1sicas | Centro de Educaci\u00f3n Integral","description":"","canonical_url":"https:\/\/www.teresalv.com\/centrodeeducacionintegral\/emociones-basicas\/","robots":"max-image-preview:large","keywords":"","webmasterTools":{"miscellaneous":""},"schema":{"@context":"https:\/\/schema.org","@graph":[{"@type":"Article","@id":"https:\/\/www.teresalv.com\/centrodeeducacionintegral\/emociones-basicas\/#article","name":"Emociones b\u00e1sicas | Centro de Educaci\u00f3n Integral","headline":"Emociones b\u00e1sicas","author":{"@id":"https:\/\/www.teresalv.com\/centrodeeducacionintegral\/author\/teresalv\/#author"},"publisher":{"@id":"https:\/\/www.teresalv.com\/centrodeeducacionintegral\/#organization"},"image":{"@type":"ImageObject","url":"http:\/\/3.bp.blogspot.com\/_mkcLJTO0tnY\/SjhToe6DyLI\/AAAAAAAAAFI\/fBWRsJI-zig\/s200\/emotions.jpg","@id":"https:\/\/www.teresalv.com\/centrodeeducacionintegral\/emociones-basicas\/#articleImage"},"datePublished":"2009-06-18T05:56:00+00:00","dateModified":"2009-06-18T05:56:00+00:00","inLanguage":"es-ES","mainEntityOfPage":{"@id":"https:\/\/www.teresalv.com\/centrodeeducacionintegral\/emociones-basicas\/#webpage"},"isPartOf":{"@id":"https:\/\/www.teresalv.com\/centrodeeducacionintegral\/emociones-basicas\/#webpage"},"articleSection":"aprender para ser, educaci\u00f3n emocional, orientaci\u00f3n, psicolog\u00eda"},{"@type":"BreadcrumbList","@id":"https:\/\/www.teresalv.com\/centrodeeducacionintegral\/emociones-basicas\/#breadcrumblist","itemListElement":[{"@type":"ListItem","@id":"https:\/\/www.teresalv.com\/centrodeeducacionintegral#listItem","position":1,"name":"Inicio","item":"https:\/\/www.teresalv.com\/centrodeeducacionintegral","nextItem":{"@type":"ListItem","@id":"https:\/\/www.teresalv.com\/centrodeeducacionintegral\/category\/educacion-emocional\/#listItem","name":"educaci\u00f3n emocional"}},{"@type":"ListItem","@id":"https:\/\/www.teresalv.com\/centrodeeducacionintegral\/category\/educacion-emocional\/#listItem","position":2,"name":"educaci\u00f3n emocional","item":"https:\/\/www.teresalv.com\/centrodeeducacionintegral\/category\/educacion-emocional\/","nextItem":{"@type":"ListItem","@id":"https:\/\/www.teresalv.com\/centrodeeducacionintegral\/emociones-basicas\/#listItem","name":"Emociones b\u00e1sicas"},"previousItem":{"@type":"ListItem","@id":"https:\/\/www.teresalv.com\/centrodeeducacionintegral#listItem","name":"Inicio"}},{"@type":"ListItem","@id":"https:\/\/www.teresalv.com\/centrodeeducacionintegral\/emociones-basicas\/#listItem","position":3,"name":"Emociones b\u00e1sicas","previousItem":{"@type":"ListItem","@id":"https:\/\/www.teresalv.com\/centrodeeducacionintegral\/category\/educacion-emocional\/#listItem","name":"educaci\u00f3n emocional"}}]},{"@type":"Organization","@id":"https:\/\/www.teresalv.com\/centrodeeducacionintegral\/#organization","name":"Centro de Educaci\u00f3n Integral","description":"Otro sitio realizado con WordPress","url":"https:\/\/www.teresalv.com\/centrodeeducacionintegral\/"},{"@type":"Person","@id":"https:\/\/www.teresalv.com\/centrodeeducacionintegral\/author\/teresalv\/#author","url":"https:\/\/www.teresalv.com\/centrodeeducacionintegral\/author\/teresalv\/","name":"teresalv","image":{"@type":"ImageObject","@id":"https:\/\/www.teresalv.com\/centrodeeducacionintegral\/emociones-basicas\/#authorImage","url":"https:\/\/secure.gravatar.com\/avatar\/c7b75383ba1f746757945a23daafd31da5e564d7173cc7790ec1447c581ba32b?s=96&d=mm&r=g","width":96,"height":96,"caption":"teresalv"}},{"@type":"WebPage","@id":"https:\/\/www.teresalv.com\/centrodeeducacionintegral\/emociones-basicas\/#webpage","url":"https:\/\/www.teresalv.com\/centrodeeducacionintegral\/emociones-basicas\/","name":"Emociones b\u00e1sicas | Centro de Educaci\u00f3n Integral","inLanguage":"es-ES","isPartOf":{"@id":"https:\/\/www.teresalv.com\/centrodeeducacionintegral\/#website"},"breadcrumb":{"@id":"https:\/\/www.teresalv.com\/centrodeeducacionintegral\/emociones-basicas\/#breadcrumblist"},"author":{"@id":"https:\/\/www.teresalv.com\/centrodeeducacionintegral\/author\/teresalv\/#author"},"creator":{"@id":"https:\/\/www.teresalv.com\/centrodeeducacionintegral\/author\/teresalv\/#author"},"datePublished":"2009-06-18T05:56:00+00:00","dateModified":"2009-06-18T05:56:00+00:00"},{"@type":"WebSite","@id":"https:\/\/www.teresalv.com\/centrodeeducacionintegral\/#website","url":"https:\/\/www.teresalv.com\/centrodeeducacionintegral\/","name":"Centro de Educaci\u00f3n Integral","description":"Otro sitio realizado con WordPress","inLanguage":"es-ES","publisher":{"@id":"https:\/\/www.teresalv.com\/centrodeeducacionintegral\/#organization"}}]},"og:locale":"es_ES","og:site_name":"Centro de Educaci\u00f3n Integral | Otro sitio realizado con WordPress","og:type":"article","og:title":"Emociones b\u00e1sicas | Centro de Educaci\u00f3n Integral","og:url":"https:\/\/www.teresalv.com\/centrodeeducacionintegral\/emociones-basicas\/","article:published_time":"2009-06-18T05:56:00+00:00","article:modified_time":"2009-06-18T05:56:00+00:00","twitter:card":"summary","twitter:title":"Emociones b\u00e1sicas | Centro de Educaci\u00f3n Integral"},"aioseo_meta_data":{"post_id":"28","title":null,"description":null,"keywords":null,"keyphrases":null,"primary_term":null,"canonical_url":null,"og_title":null,"og_description":null,"og_object_type":"default","og_image_type":"default","og_image_url":null,"og_image_width":null,"og_image_height":null,"og_image_custom_url":null,"og_image_custom_fields":null,"og_video":null,"og_custom_url":null,"og_article_section":null,"og_article_tags":null,"twitter_use_og":false,"twitter_card":"default","twitter_image_type":"default","twitter_image_url":null,"twitter_image_custom_url":null,"twitter_image_custom_fields":null,"twitter_title":null,"twitter_description":null,"schema":{"blockGraphs":[],"customGraphs":[],"default":{"data":{"Article":[],"Course":[],"Dataset":[],"FAQPage":[],"Movie":[],"Person":[],"Product":[],"ProductReview":[],"Car":[],"Recipe":[],"Service":[],"SoftwareApplication":[],"WebPage":[]},"graphName":"","isEnabled":true},"graphs":[],"defaultGraph":"","defaultPostTypeGraph":""},"schema_type":null,"schema_type_options":null,"pillar_content":false,"robots_default":true,"robots_noindex":false,"robots_noarchive":false,"robots_nosnippet":false,"robots_nofollow":false,"robots_noimageindex":false,"robots_noodp":false,"robots_notranslate":false,"robots_max_snippet":null,"robots_max_videopreview":null,"robots_max_imagepreview":"large","priority":null,"frequency":null,"location":null,"local_seo":null,"breadcrumb_settings":null,"limit_modified_date":false,"ai":null,"created":"2021-02-15 18:49:54","updated":"2025-06-23 12:35:20","seo_analyzer_scan_date":null,"focus_keyword":null,"additional_keywords":null,"truseo_locale":null},"aioseo_breadcrumb":"<div class=\"aioseo-breadcrumbs\"><span class=\"aioseo-breadcrumb\">\n\t\t\t<a href=\"https:\/\/www.teresalv.com\/centrodeeducacionintegral\" title=\"Inicio\">Inicio<\/a>\n\t\t<\/span><span class=\"aioseo-breadcrumb-separator\">&raquo;<\/span><span class=\"aioseo-breadcrumb\">\n\t\t\t<a href=\"https:\/\/www.teresalv.com\/centrodeeducacionintegral\/category\/educacion-emocional\/\" title=\"educaci\u00f3n emocional\">educaci\u00f3n emocional<\/a>\n\t\t<\/span><span class=\"aioseo-breadcrumb-separator\">&raquo;<\/span><span class=\"aioseo-breadcrumb\">\n\t\t\tEmociones b\u00e1sicas\n\t\t<\/span><\/div>","aioseo_breadcrumb_json":[{"label":"Inicio","link":"https:\/\/www.teresalv.com\/centrodeeducacionintegral"},{"label":"educaci\u00f3n emocional","link":"https:\/\/www.teresalv.com\/centrodeeducacionintegral\/category\/educacion-emocional\/"},{"label":"Emociones b\u00e1sicas","link":"https:\/\/www.teresalv.com\/centrodeeducacionintegral\/emociones-basicas\/"}],"_links":{"self":[{"href":"https:\/\/www.teresalv.com\/centrodeeducacionintegral\/wp-json\/wp\/v2\/posts\/28","targetHints":{"allow":["GET"]}}],"collection":[{"href":"https:\/\/www.teresalv.com\/centrodeeducacionintegral\/wp-json\/wp\/v2\/posts"}],"about":[{"href":"https:\/\/www.teresalv.com\/centrodeeducacionintegral\/wp-json\/wp\/v2\/types\/post"}],"author":[{"embeddable":true,"href":"https:\/\/www.teresalv.com\/centrodeeducacionintegral\/wp-json\/wp\/v2\/users\/1"}],"replies":[{"embeddable":true,"href":"https:\/\/www.teresalv.com\/centrodeeducacionintegral\/wp-json\/wp\/v2\/comments?post=28"}],"version-history":[{"count":0,"href":"https:\/\/www.teresalv.com\/centrodeeducacionintegral\/wp-json\/wp\/v2\/posts\/28\/revisions"}],"wp:attachment":[{"href":"https:\/\/www.teresalv.com\/centrodeeducacionintegral\/wp-json\/wp\/v2\/media?parent=28"}],"wp:term":[{"taxonomy":"category","embeddable":true,"href":"https:\/\/www.teresalv.com\/centrodeeducacionintegral\/wp-json\/wp\/v2\/categories?post=28"},{"taxonomy":"post_tag","embeddable":true,"href":"https:\/\/www.teresalv.com\/centrodeeducacionintegral\/wp-json\/wp\/v2\/tags?post=28"}],"curies":[{"name":"wp","href":"https:\/\/api.w.org\/{rel}","templated":true}]}}