{"id":23,"date":"2009-09-05T05:16:00","date_gmt":"2009-09-05T05:16:00","guid":{"rendered":"http:\/\/www.centroeducacionintegral.es\/terapia-ecuestre\/"},"modified":"2009-09-05T05:16:00","modified_gmt":"2009-09-05T05:16:00","slug":"terapia-ecuestre","status":"publish","type":"post","link":"https:\/\/www.teresalv.com\/centrodeeducacionintegral\/terapia-ecuestre\/","title":{"rendered":"Terapia ecuestre"},"content":{"rendered":"<div align=\"justify\"><a href=\"http:\/\/3.bp.blogspot.com\/_mkcLJTO0tnY\/Spwrh9khf9I\/AAAAAAAAAF4\/Xq804Fj7Lk4\/s1600-h\/caballo.jpg\"><img decoding=\"async\" alt=\"\" src=\"http:\/\/3.bp.blogspot.com\/_mkcLJTO0tnY\/Spwrh9khf9I\/AAAAAAAAAF4\/Xq804Fj7Lk4\/s200\/caballo.jpg\" border=\"0\"><\/a>La equitaci\u00f3n es un deporte y, ahora tambi\u00e9n, una terapia. Ni\u00f1os discapacitados y con movilidad reducida de Bangalore (India) realizan sesiones con caballos para ejercitar sus m\u00fasculos. Adem\u00e1s, los expertos aseguran que el contacto con el animal ayuda al desarrollo cognitivo, f\u00edsico y emocional de los peque\u00f1os, al tiempo que mejora la coordinaci\u00f3n de brazos y ojos, la concentraci\u00f3n y hasta la capacidad de memorizar y de relacionarse con el entorno.<\/p>\n<\/div>\n<div align=\"justify\"><\/div>\n<p>Fuente: <a href=\"http:\/\/www.diariosur.es\/\">http:\/\/www.diariosur.es\/<\/a><\/p>\n<p><\/p>\n<div align=\"justify\"><\/div>\n<p>Interesante visitar <a href=\"http:\/\/groups.google.com\/group\/terapiasecuestres\">http:\/\/groups.google.com\/group\/terapiasecuestres<\/a> <\/p>\n<p align=\"justify\">En <strong><em>M\u00e1laga<\/em><\/strong> puedes pedir informaci\u00f3n sobre actividades en la <a href=\"http:\/\/http\/\/maps.google.es\/maps?hl=es&#038;source=hp&#038;um=1&#038;ie=UTF-8&#038;q=escuela+H%C3%ADpica+los+nogales,+m%C3%A1laga&#038;fb=1&#038;split=1&#038;gl=es&#038;view=text&#038;latlng=8908728498931457796\"><em>Escuela H\u00edpica Los Nogales<\/em><\/a>, Ctra. de Benagalb\u00f3n Km 1700, dirigi\u00e9ndote a Noelia 653 061 955<\/p>\n<div align=\"justify\"><\/div>\n","protected":false},"excerpt":{"rendered":"<p>La equitaci&oacute;n es un deporte y, ahora tambi&eacute;n, una terapia. Ni&ntilde;os discapacitados y con movilidad reducida de Bangalore (India) realizan sesiones con caballos para ejercitar sus m&uacute;sculos. Adem&aacute;s, los expertos aseguran que el contacto con el animal ayuda al desarrollo &hellip; <a href=\"https:\/\/www.teresalv.com\/centrodeeducacionintegral\/terapia-ecuestre\/\">Sigue leyendo <span class=\"meta-nav\">&rarr;<\/span><\/a><\/p>\n","protected":false},"author":1,"featured_media":0,"comment_status":"open","ping_status":"open","sticky":false,"template":"","format":"standard","meta":{"footnotes":""},"categories":[9],"tags":[],"class_list":["post-23","post","type-post","status-publish","format-standard","hentry","category-atencion-a-la-diversidad"],"aioseo_notices":[],"_links":{"self":[{"href":"https:\/\/www.teresalv.com\/centrodeeducacionintegral\/wp-json\/wp\/v2\/posts\/23","targetHints":{"allow":["GET"]}}],"collection":[{"href":"https:\/\/www.teresalv.com\/centrodeeducacionintegral\/wp-json\/wp\/v2\/posts"}],"about":[{"href":"https:\/\/www.teresalv.com\/centrodeeducacionintegral\/wp-json\/wp\/v2\/types\/post"}],"author":[{"embeddable":true,"href":"https:\/\/www.teresalv.com\/centrodeeducacionintegral\/wp-json\/wp\/v2\/users\/1"}],"replies":[{"embeddable":true,"href":"https:\/\/www.teresalv.com\/centrodeeducacionintegral\/wp-json\/wp\/v2\/comments?post=23"}],"version-history":[{"count":0,"href":"https:\/\/www.teresalv.com\/centrodeeducacionintegral\/wp-json\/wp\/v2\/posts\/23\/revisions"}],"wp:attachment":[{"href":"https:\/\/www.teresalv.com\/centrodeeducacionintegral\/wp-json\/wp\/v2\/media?parent=23"}],"wp:term":[{"taxonomy":"category","embeddable":true,"href":"https:\/\/www.teresalv.com\/centrodeeducacionintegral\/wp-json\/wp\/v2\/categories?post=23"},{"taxonomy":"post_tag","embeddable":true,"href":"https:\/\/www.teresalv.com\/centrodeeducacionintegral\/wp-json\/wp\/v2\/tags?post=23"}],"curies":[{"name":"wp","href":"https:\/\/api.w.org\/{rel}","templated":true}]}}