{"id":13,"date":"2010-05-11T19:35:00","date_gmt":"2010-05-11T19:35:00","guid":{"rendered":"http:\/\/www.centroeducacionintegral.es\/y-colorin-colorado-el-cuento\/"},"modified":"2010-05-11T19:35:00","modified_gmt":"2010-05-11T19:35:00","slug":"y-colorin-colorado-el-cuento","status":"publish","type":"post","link":"https:\/\/www.teresalv.com\/centrodeeducacionintegral\/y-colorin-colorado-el-cuento\/","title":{"rendered":"Y Color\u00edn Colorado&#8230; El Cuento"},"content":{"rendered":"<div align=\"justify\"><a href=\"http:\/\/www.bibliotecaspublicas.es\/ametlla_cas\/imagenes\/contenido32603.gif\"><img decoding=\"async\" alt=\"\" src=\"http:\/\/www.bibliotecaspublicas.es\/ametlla_cas\/imagenes\/contenido32603.gif\" border=\"0\"><\/a> En educaci\u00f3n son bien conocidas las potencialidades <em>educativas y terap\u00e9uticas<\/em> del cuento como herramienta pedag\u00f3gica en cuanto a:<\/div>\n<ul>\n<li>\n<div align=\"justify\">Manejo de relaciones temporales<\/div>\n<\/li>\n<p><\/p>\n<li>\n<div align=\"justify\">Habilidades Sociales y Comunicativas<\/div>\n<\/li>\n<p><\/p>\n<li>\n<div align=\"justify\">Estimulaci\u00f3n de las diferentes \u00e1reas del desarrollo infantil<\/div>\n<\/li>\n<p><\/p>\n<li>\n<div align=\"justify\">Necesidades educativas espec\u00edficas<\/div>\n<\/li>\n<p><\/p>\n<li>\n<div align=\"justify\">La autoestima, el autocontrol, la toma de decisiones<\/div>\n<\/li>\n<p><\/p>\n<li>\n<div align=\"justify\">Intervenci\u00f3n sobre dificultades de aprendizaje<\/div>\n<\/li>\n<p><\/ul>\n<p align=\"justify\">Los cuentos tienen el poder de entretenernos, ilusionarnos, ayudarnos a comprender al mundo que nos rodea y nuestros sentimientos, facilitarnos la comunicaci\u00f3n y expresi\u00f3n, brindarnos nuevos aprendizajes y experiencias y posibilitar una mejora en nuestras limitaciones. Son un lenguaje fant\u00e1stico que personas de todas las edades entienden y disfrutan.<\/p>\n<p align=\"justify\">La versatibilidad del cuento y el inter\u00e9s que despierta en la edad infantil hacen de \u00e9l un instrumento id\u00f3neo tanto en el \u00e1mbito educativo como en el terape\u00fatico, llegando incluso al campo de la capacitaci\u00f3n y consultor\u00eda empresarial, con los denominados &#8216;<em><a href=\"http:\/\/seramejorquelocuentes.com\/tag\/storytelling\/\">storytelling<\/a><\/em>&#8216; -pero eso es otra historia, nunca mejor dicho-.<\/p>\n<p align=\"justify\"><strong>Funciones de los cuentos:<\/strong><\/p>\n<p align=\"justify\">La primera funci\u00f3n que tiene el cuento, la funci\u00f3n b\u00e1sica de la literatura en general, es el deleite, disfrutar de las historias, de los personajes, de la magia, de los hechos atemporales.<\/p>\n<p align=\"justify\"><strong><em>Funciones pedag\u00f3gicas:<\/em><\/strong><\/p>\n<ol>\n<li>\n<div align=\"justify\">Socializamos, inculcamos ideas, creencias y valores sociales.<\/div>\n<\/li>\n<p><\/p>\n<li>\n<div align=\"justify\">Legitimamos instituciones o instancias sociales.<\/div>\n<\/li>\n<p><\/p>\n<li>\n<div align=\"justify\">Ofrecemos modelos de actuaci\u00f3n.<\/div>\n<\/li>\n<p><\/p>\n<li>\n<div align=\"justify\">Presentamos modelos de identificaci\u00f3n desde la dimensi\u00f3n emocional.<\/div>\n<\/li>\n<p><\/p>\n<li>\n<div align=\"justify\">Ense\u00f1amos c\u00f3mo solucionar conflictos.<\/div>\n<\/li>\n<p><\/p>\n<li>\n<div align=\"justify\">Facilitamos un mundo m\u00e1gico donde la ni\u00f1a o el ni\u00f1o pueden descargar la agresividad, la ansiedad y los miedos reales.<\/div>\n<\/li>\n<p><\/p>\n<li>\n<div align=\"justify\">Proporcionamos tambi\u00e9n una fuente de imaginaci\u00f3n y creaci\u00f3n, a partir de lacual crear\u00e1 sus propias historias e imaginar\u00e1 su mundo ideal.<\/div>\n<\/li>\n<\/ol>\n<p align=\"justify\"><strong><em>Funciones que afectan a la identidad de sexo y g\u00e9nero:<\/em><\/strong><\/p>\n<ol>\n<li>\n<div align=\"justify\">Funci\u00f3n socializadora de los cuentos y su contenido.<\/div>\n<\/li>\n<p><\/p>\n<li>\n<div align=\"justify\">Poder de la imagen como identificaci\u00f3n emocional inconsciente.<\/div>\n<\/li>\n<p><\/p>\n<li>\n<div align=\"justify\">Uso de la lengua com instrumento para crear, reproducir o subvertir las relaciones de poder.<\/div>\n<\/li>\n<\/ol>\n<p align=\"justify\">Si unimos los tres elementos: <em>contenido, lenguaje e imagen<\/em> obtendremos un producto altamente poderoso <strong><em>\u00abEL CUENTO\u00bb<\/em><\/strong><\/p>\n<p><\/p>\n<p><strong><em>Fuente:<\/em><\/strong> <em><span><a href=\"http:\/\/www.educandoenigualdad.com\/\">Educando en igualdad<\/a><\/span><\/em><em><\/em><\/p>\n","protected":false},"excerpt":{"rendered":"<p>En educaci&oacute;n son bien conocidas las potencialidades educativas y terap&eacute;uticas del cuento como herramienta pedag&oacute;gica en cuanto a: Manejo de relaciones temporales Habilidades Sociales y Comunicativas Estimulaci&oacute;n de las diferentes &aacute;reas del desarrollo infantil Necesidades educativas espec&iacute;ficas La autoestima, el &hellip; <a href=\"https:\/\/www.teresalv.com\/centrodeeducacionintegral\/y-colorin-colorado-el-cuento\/\">Sigue leyendo <span class=\"meta-nav\">&rarr;<\/span><\/a><\/p>\n","protected":false},"author":1,"featured_media":0,"comment_status":"open","ping_status":"open","sticky":false,"template":"","format":"standard","meta":{"footnotes":""},"categories":[14,4],"tags":[],"class_list":["post-13","post","type-post","status-publish","format-standard","hentry","category-coeducacion","category-educacion-emocional"],"aioseo_notices":[],"_links":{"self":[{"href":"https:\/\/www.teresalv.com\/centrodeeducacionintegral\/wp-json\/wp\/v2\/posts\/13","targetHints":{"allow":["GET"]}}],"collection":[{"href":"https:\/\/www.teresalv.com\/centrodeeducacionintegral\/wp-json\/wp\/v2\/posts"}],"about":[{"href":"https:\/\/www.teresalv.com\/centrodeeducacionintegral\/wp-json\/wp\/v2\/types\/post"}],"author":[{"embeddable":true,"href":"https:\/\/www.teresalv.com\/centrodeeducacionintegral\/wp-json\/wp\/v2\/users\/1"}],"replies":[{"embeddable":true,"href":"https:\/\/www.teresalv.com\/centrodeeducacionintegral\/wp-json\/wp\/v2\/comments?post=13"}],"version-history":[{"count":0,"href":"https:\/\/www.teresalv.com\/centrodeeducacionintegral\/wp-json\/wp\/v2\/posts\/13\/revisions"}],"wp:attachment":[{"href":"https:\/\/www.teresalv.com\/centrodeeducacionintegral\/wp-json\/wp\/v2\/media?parent=13"}],"wp:term":[{"taxonomy":"category","embeddable":true,"href":"https:\/\/www.teresalv.com\/centrodeeducacionintegral\/wp-json\/wp\/v2\/categories?post=13"},{"taxonomy":"post_tag","embeddable":true,"href":"https:\/\/www.teresalv.com\/centrodeeducacionintegral\/wp-json\/wp\/v2\/tags?post=13"}],"curies":[{"name":"wp","href":"https:\/\/api.w.org\/{rel}","templated":true}]}}